{"id":5272,"date":"2015-12-01T14:45:09","date_gmt":"2015-12-01T14:45:09","guid":{"rendered":"https:\/\/armstrongyregion.com.ar\/diario\/?p=5272"},"modified":"2015-12-01T14:45:09","modified_gmt":"2015-12-01T14:45:09","slug":"este-martes-en-deliberando-analisis-politicos-a-dias-de-un-cambio-de-gobierno-nacional","status":"publish","type":"post","link":"https:\/\/armstrongyregion.com.ar\/diario\/este-martes-en-deliberando-analisis-politicos-a-dias-de-un-cambio-de-gobierno-nacional\/","title":{"rendered":"Este martes en DELIBERANDO, an\u00e1lisis pol\u00edticos a d\u00edas de un cambio de gobierno nacional."},"content":{"rendered":"<p><a href=\"http:\/\/armstrongyregion.com.ar\/diario\/wp-content\/uploads\/2015\/12\/Adrian-Marozzi.jpg\"><img loading=\"lazy\" decoding=\"async\" class=\"alignnone size-medium wp-image-5273\" src=\"http:\/\/armstrongyregion.com.ar\/diario\/wp-content\/uploads\/2015\/12\/Adrian-Marozzi-300x200.jpg\" alt=\"Adrian-Marozzi\" width=\"300\" height=\"200\" srcset=\"https:\/\/armstrongyregion.com.ar\/diario\/wp-content\/uploads\/2015\/12\/Adrian-Marozzi-300x200.jpg 300w, https:\/\/armstrongyregion.com.ar\/diario\/wp-content\/uploads\/2015\/12\/Adrian-Marozzi.jpg 768w\" sizes=\"auto, (max-width: 300px) 100vw, 300px\" \/><\/a>El presidente del Concejo Deliberante de Armstrong, Lic. Adri\u00e1n Marozzi, repaso lo que dejo la elecci\u00f3n nacional y la posici\u00f3n que respet\u00f3 el radicalismo tras el acuerdo de la Convenci\u00f3n que se realiz\u00f3 en Entre R\u00edos. El respeto del acuerdo vigente en el Frente Progresista en la provincia a diferencia de lo nacional. Como ser\u00e1 el futuro del concejo armstronense con la nueva conformaci\u00f3n.<br \/>\nHoracio Compagnucci, intendente electo de la ciudad de Las Parejas, repasa lo que se ha iniciado en su municipalidad y que deber\u00e1 continuar en su gesti\u00f3n. Los temas que abordar\u00e1 tras su asunci\u00f3n y la adecuaci\u00f3n de su gabinete a su pensamiento de trabajo para su optimizacion.<br \/>\nTodo este martes en DELIBERANDO, con la conducci\u00f3n de la licenciada Graciela de la Casa y Oscar Crispino.<\/p>\n","protected":false},"excerpt":{"rendered":"<p>El presidente del Concejo Deliberante de Armstrong, Lic. Adri\u00e1n Marozzi, repaso lo que dejo la elecci\u00f3n nacional y la posici\u00f3n que respet\u00f3 el radicalismo tras el acuerdo de la Convenci\u00f3n que se realiz\u00f3 en Entre R\u00edos. El respeto del acuerdo vigente en el Frente Progresista en la provincia a diferencia de lo nacional. Como ser\u00e1 <a href=\"https:\/\/armstrongyregion.com.ar\/diario\/este-martes-en-deliberando-analisis-politicos-a-dias-de-un-cambio-de-gobierno-nacional\/\" title=\"Read more\" >&#8230;<\/a><\/p>\n","protected":false},"author":2,"featured_media":5273,"comment_status":"open","ping_status":"open","sticky":false,"template":"","format":"standard","meta":{"_jetpack_memberships_contains_paid_content":false,"footnotes":"","jetpack_publicize_message":"","jetpack_publicize_feature_enabled":true,"jetpack_social_post_already_shared":false,"jetpack_social_options":{"image_generator_settings":{"template":"highway","default_image_id":0,"enabled":false},"version":2}},"categories":[8,1,2,7,3],"tags":[3233,44,404],"class_list":["post-5272","post","type-post","status-publish","format-standard","has-post-thumbnail","hentry","category-deliberando","category-diario-armstrong","category-locales","category-politica","category-region","tag-analisis","tag-deliberando-2","tag-elecciones"],"jetpack_publicize_connections":[],"jetpack_featured_media_url":"https:\/\/armstrongyregion.com.ar\/diario\/wp-content\/uploads\/2015\/12\/Adrian-Marozzi.jpg","jetpack_shortlink":"https:\/\/wp.me\/p62QDO-1n2","jetpack_sharing_enabled":true,"amp_enabled":true,"_links":{"self":[{"href":"https:\/\/armstrongyregion.com.ar\/diario\/wp-json\/wp\/v2\/posts\/5272","targetHints":{"allow":["GET"]}}],"collection":[{"href":"https:\/\/armstrongyregion.com.ar\/diario\/wp-json\/wp\/v2\/posts"}],"about":[{"href":"https:\/\/armstrongyregion.com.ar\/diario\/wp-json\/wp\/v2\/types\/post"}],"author":[{"embeddable":true,"href":"https:\/\/armstrongyregion.com.ar\/diario\/wp-json\/wp\/v2\/users\/2"}],"replies":[{"embeddable":true,"href":"https:\/\/armstrongyregion.com.ar\/diario\/wp-json\/wp\/v2\/comments?post=5272"}],"version-history":[{"count":0,"href":"https:\/\/armstrongyregion.com.ar\/diario\/wp-json\/wp\/v2\/posts\/5272\/revisions"}],"wp:featuredmedia":[{"embeddable":true,"href":"https:\/\/armstrongyregion.com.ar\/diario\/wp-json\/wp\/v2\/media\/5273"}],"wp:attachment":[{"href":"https:\/\/armstrongyregion.com.ar\/diario\/wp-json\/wp\/v2\/media?parent=5272"}],"wp:term":[{"taxonomy":"category","embeddable":true,"href":"https:\/\/armstrongyregion.com.ar\/diario\/wp-json\/wp\/v2\/categories?post=5272"},{"taxonomy":"post_tag","embeddable":true,"href":"https:\/\/armstrongyregion.com.ar\/diario\/wp-json\/wp\/v2\/tags?post=5272"}],"curies":[{"name":"wp","href":"https:\/\/api.w.org\/{rel}","templated":true}]}}