{"id":5256,"date":"2015-11-30T14:37:48","date_gmt":"2015-11-30T14:37:48","guid":{"rendered":"https:\/\/armstrongyregion.com.ar\/diario\/?p=5256"},"modified":"2015-11-30T15:47:04","modified_gmt":"2015-11-30T15:47:04","slug":"el-nieto-recuperado-119-vive-en-las-rosas","status":"publish","type":"post","link":"https:\/\/armstrongyregion.com.ar\/diario\/el-nieto-recuperado-119-vive-en-las-rosas\/","title":{"rendered":"El nieto recuperado 119 vive en Las Rosas."},"content":{"rendered":"<p><a href=\"http:\/\/armstrongyregion.com.ar\/diario\/wp-content\/uploads\/2015\/11\/nieto-recuperado.jpg\"><img loading=\"lazy\" decoding=\"async\" class=\"alignnone size-medium wp-image-5257\" src=\"http:\/\/armstrongyregion.com.ar\/diario\/wp-content\/uploads\/2015\/11\/nieto-recuperado-300x169.jpg\" alt=\"nieto recuperado\" width=\"300\" height=\"169\" srcset=\"https:\/\/armstrongyregion.com.ar\/diario\/wp-content\/uploads\/2015\/11\/nieto-recuperado-300x169.jpg 300w, https:\/\/armstrongyregion.com.ar\/diario\/wp-content\/uploads\/2015\/11\/nieto-recuperado.jpg 768w\" sizes=\"auto, (max-width: 300px) 100vw, 300px\" \/><\/a>Se trata de Mario Bravo quien ser\u00eda el primer nieto recuperado cuya madre se encuentra con vida, y se ver\u00edan ma\u00f1ana en Buenos Aires..<br \/>\nEn una emotiva nota que mantuvo en nuestra Emisora, Mario Bravo relato las conversaciones que tuvo en los \u00faltimos d\u00edas con su madre que vive en Tucum\u00e1n.<\/p>\n<p>\u00abNo se hallan registros de que se hayan encontrados hijos con su madre en estos casos de desapariciones forzadas durante la dictadura. He conversado en estos d\u00edas con mi madre, que est\u00e1 rememorando momentos muy duros y me cuenta que recuper\u00f3 la libertad despu\u00e9s de dos a\u00f1os de cautivero pero siempre amenazada para que mantenga silencio sobre lo ocurrido\u00bb, dice.<\/p>\n<p>\u00abEn 2007 comienza su b\u00fasqueda por medio de Abuelas de Plaza de Mayo, alli da su muestra de sangre en el banco de datos gen\u00e9ticos. Desde alli comienzan las averiguaciones, y yo ya ven\u00eda hablando con Abuelas y en febrero me hacen una entrevista, y van surgiendo los datos, se hacen muchas pruebas y contrapruebas y me llamaron hace una semana de la oficina de Derechos Humanos para citarme a mantener una charla. All\u00ed me piden autorizaci\u00f3n para comunicarlo\u00bb, contin\u00faa.<\/p>\n<p>Continu\u00f3 diciendo que son \u00abemociones muy fuertes. Yo soy padre y no s\u00e9 si a\u00fan tomo dimensi\u00f3n de todo esto que me esta pasando. Mi madre biol\u00f3gica ya est\u00e1 en Buenos Aires y tiene una gran necesidad de verse conmigo. Los integrantes de Abuelas hacen una excelente contenci\u00f3n\u00bb.<\/p>\n<p>La madre es tucumana, y Mario naci\u00f3 en cautiverio en esa provincia. \u00abMa\u00f1ana ser\u00eda un d\u00eda muy especial. Desde el lunes en que hablamos por primera vez ella cuenta los segundos que faltan para vernos.<br \/>\nLas Rosas Digital.<\/p>\n","protected":false},"excerpt":{"rendered":"<p>Se trata de Mario Bravo quien ser\u00eda el primer nieto recuperado cuya madre se encuentra con vida, y se ver\u00edan ma\u00f1ana en Buenos Aires.. En una emotiva nota que mantuvo en nuestra Emisora, Mario Bravo relato las conversaciones que tuvo en los \u00faltimos d\u00edas con su madre que vive en Tucum\u00e1n. \u00abNo se hallan registros <a href=\"https:\/\/armstrongyregion.com.ar\/diario\/el-nieto-recuperado-119-vive-en-las-rosas\/\" title=\"Read more\" >&#8230;<\/a><\/p>\n","protected":false},"author":2,"featured_media":5257,"comment_status":"open","ping_status":"open","sticky":false,"template":"","format":"standard","meta":{"_jetpack_memberships_contains_paid_content":false,"footnotes":"","jetpack_publicize_message":"","jetpack_publicize_feature_enabled":true,"jetpack_social_post_already_shared":false,"jetpack_social_options":{"image_generator_settings":{"template":"highway","default_image_id":0,"enabled":false},"version":2}},"categories":[6,8,1,7,3],"tags":[3229,16,15,23,3227,3228,361,847],"class_list":["post-5256","post","type-post","status-publish","format-standard","has-post-thumbnail","hentry","category-cultura-entretenimiento","category-deliberando","category-diario-armstrong","category-politica","category-region","tag-3229","tag-el","tag-en","tag-las","tag-nieto","tag-recuperado","tag-rosas","tag-vive"],"jetpack_publicize_connections":[],"jetpack_featured_media_url":"https:\/\/armstrongyregion.com.ar\/diario\/wp-content\/uploads\/2015\/11\/nieto-recuperado.jpg","jetpack_shortlink":"https:\/\/wp.me\/p62QDO-1mM","jetpack_sharing_enabled":true,"amp_enabled":true,"_links":{"self":[{"href":"https:\/\/armstrongyregion.com.ar\/diario\/wp-json\/wp\/v2\/posts\/5256","targetHints":{"allow":["GET"]}}],"collection":[{"href":"https:\/\/armstrongyregion.com.ar\/diario\/wp-json\/wp\/v2\/posts"}],"about":[{"href":"https:\/\/armstrongyregion.com.ar\/diario\/wp-json\/wp\/v2\/types\/post"}],"author":[{"embeddable":true,"href":"https:\/\/armstrongyregion.com.ar\/diario\/wp-json\/wp\/v2\/users\/2"}],"replies":[{"embeddable":true,"href":"https:\/\/armstrongyregion.com.ar\/diario\/wp-json\/wp\/v2\/comments?post=5256"}],"version-history":[{"count":0,"href":"https:\/\/armstrongyregion.com.ar\/diario\/wp-json\/wp\/v2\/posts\/5256\/revisions"}],"wp:featuredmedia":[{"embeddable":true,"href":"https:\/\/armstrongyregion.com.ar\/diario\/wp-json\/wp\/v2\/media\/5257"}],"wp:attachment":[{"href":"https:\/\/armstrongyregion.com.ar\/diario\/wp-json\/wp\/v2\/media?parent=5256"}],"wp:term":[{"taxonomy":"category","embeddable":true,"href":"https:\/\/armstrongyregion.com.ar\/diario\/wp-json\/wp\/v2\/categories?post=5256"},{"taxonomy":"post_tag","embeddable":true,"href":"https:\/\/armstrongyregion.com.ar\/diario\/wp-json\/wp\/v2\/tags?post=5256"}],"curies":[{"name":"wp","href":"https:\/\/api.w.org\/{rel}","templated":true}]}}