{"id":5250,"date":"2015-11-30T14:01:09","date_gmt":"2015-11-30T14:01:09","guid":{"rendered":"https:\/\/armstrongyregion.com.ar\/diario\/?p=5250"},"modified":"2015-11-30T14:01:09","modified_gmt":"2015-11-30T14:01:09","slug":"canada-de-gomez-se-exponen-trabajos-fotograficos-en-el-mac","status":"publish","type":"post","link":"https:\/\/armstrongyregion.com.ar\/diario\/canada-de-gomez-se-exponen-trabajos-fotograficos-en-el-mac\/","title":{"rendered":"Ca\u00f1ada de G\u00f3mez.Se exponen trabajos fotogr\u00e1ficos en el MAC."},"content":{"rendered":"<p><a href=\"http:\/\/armstrongyregion.com.ar\/diario\/wp-content\/uploads\/2015\/11\/IMG_3583.jpg\"><img loading=\"lazy\" decoding=\"async\" class=\"alignnone size-medium wp-image-5251\" src=\"http:\/\/armstrongyregion.com.ar\/diario\/wp-content\/uploads\/2015\/11\/IMG_3583-300x168.jpg\" alt=\"Muestra-NAC\" width=\"300\" height=\"168\" srcset=\"https:\/\/armstrongyregion.com.ar\/diario\/wp-content\/uploads\/2015\/11\/IMG_3583-300x168.jpg 300w, https:\/\/armstrongyregion.com.ar\/diario\/wp-content\/uploads\/2015\/11\/IMG_3583.jpg 768w\" sizes=\"auto, (max-width: 300px) 100vw, 300px\" \/><\/a>Se present\u00f3 lo realizado por los alumnos del taller Educando la Mirada que se dicta en la Escuela Municipal.<\/p>\n<p>El s\u00e1bado en el Museo de Arte Ca\u00f1adense se presentaron los trabajos realizados por los alumnos del taller de fotograf\u00eda Educando la Mirada,<br \/>\ndictado por Fernanda Quiroz en la Escuela Municipal.<br \/>\nLa muestra podr\u00e1 visitarse hasta el martes 8 de diciembre los d\u00edas s\u00e1bado, domingo y feriados de 15 a 18 hs. En tanto el pr\u00f3ximo viernes se<br \/>\nhabilitar\u00e1 la exposici\u00f3n de trabajos del Taller de Mandalas dirigido por Patricia Altamir.<\/p>\n","protected":false},"excerpt":{"rendered":"<p>Se present\u00f3 lo realizado por los alumnos del taller Educando la Mirada que se dicta en la Escuela Municipal. El s\u00e1bado en el Museo de Arte Ca\u00f1adense se presentaron los trabajos realizados por los alumnos del taller de fotograf\u00eda Educando la Mirada, dictado por Fernanda Quiroz en la Escuela Municipal. La muestra podr\u00e1 visitarse hasta <a href=\"https:\/\/armstrongyregion.com.ar\/diario\/canada-de-gomez-se-exponen-trabajos-fotograficos-en-el-mac\/\" title=\"Read more\" >&#8230;<\/a><\/p>\n","protected":false},"author":2,"featured_media":5251,"comment_status":"open","ping_status":"open","sticky":false,"template":"","format":"standard","meta":{"_jetpack_memberships_contains_paid_content":false,"footnotes":"","jetpack_publicize_message":"","jetpack_publicize_feature_enabled":true,"jetpack_social_post_already_shared":false,"jetpack_social_options":{"image_generator_settings":{"template":"highway","default_image_id":0,"enabled":false},"version":2}},"categories":[6,1,3],"tags":[16,15,3226,1358,1452],"class_list":["post-5250","post","type-post","status-publish","format-standard","has-post-thumbnail","hentry","category-cultura-entretenimiento","category-diario-armstrong","category-region","tag-el","tag-en","tag-fotografica","tag-muestra","tag-nac"],"jetpack_publicize_connections":[],"jetpack_featured_media_url":"https:\/\/armstrongyregion.com.ar\/diario\/wp-content\/uploads\/2015\/11\/IMG_3583.jpg","jetpack_shortlink":"https:\/\/wp.me\/p62QDO-1mG","jetpack_sharing_enabled":true,"amp_enabled":true,"_links":{"self":[{"href":"https:\/\/armstrongyregion.com.ar\/diario\/wp-json\/wp\/v2\/posts\/5250","targetHints":{"allow":["GET"]}}],"collection":[{"href":"https:\/\/armstrongyregion.com.ar\/diario\/wp-json\/wp\/v2\/posts"}],"about":[{"href":"https:\/\/armstrongyregion.com.ar\/diario\/wp-json\/wp\/v2\/types\/post"}],"author":[{"embeddable":true,"href":"https:\/\/armstrongyregion.com.ar\/diario\/wp-json\/wp\/v2\/users\/2"}],"replies":[{"embeddable":true,"href":"https:\/\/armstrongyregion.com.ar\/diario\/wp-json\/wp\/v2\/comments?post=5250"}],"version-history":[{"count":0,"href":"https:\/\/armstrongyregion.com.ar\/diario\/wp-json\/wp\/v2\/posts\/5250\/revisions"}],"wp:featuredmedia":[{"embeddable":true,"href":"https:\/\/armstrongyregion.com.ar\/diario\/wp-json\/wp\/v2\/media\/5251"}],"wp:attachment":[{"href":"https:\/\/armstrongyregion.com.ar\/diario\/wp-json\/wp\/v2\/media?parent=5250"}],"wp:term":[{"taxonomy":"category","embeddable":true,"href":"https:\/\/armstrongyregion.com.ar\/diario\/wp-json\/wp\/v2\/categories?post=5250"},{"taxonomy":"post_tag","embeddable":true,"href":"https:\/\/armstrongyregion.com.ar\/diario\/wp-json\/wp\/v2\/tags?post=5250"}],"curies":[{"name":"wp","href":"https:\/\/api.w.org\/{rel}","templated":true}]}}