{"id":519,"date":"2015-01-21T11:22:18","date_gmt":"2015-01-21T11:22:18","guid":{"rendered":"https:\/\/armstrongyregion.com.ar\/diario\/?p=519"},"modified":"2015-01-21T11:22:18","modified_gmt":"2015-01-21T11:22:18","slug":"se-realizo-una-nueva-marcha-por-el-caso-cejas-diaz-declaro-hemos-recibido-amenazas%c2%a8","status":"publish","type":"post","link":"https:\/\/armstrongyregion.com.ar\/diario\/se-realizo-una-nueva-marcha-por-el-caso-cejas-diaz-declaro-hemos-recibido-amenazas%c2%a8\/","title":{"rendered":"Se realiz\u00f3 una nueva marcha por el caso Cejas. Diaz declar\u00f3,  \u201cHemos recibido amenazas\u00a8."},"content":{"rendered":"<p><a href=\"http:\/\/armstrongyregion.com.ar\/diario\/wp-content\/uploads\/2015\/01\/10943646_787126884701394_6589881598214133576_n.jpg\"><img loading=\"lazy\" decoding=\"async\" class=\"alignnone size-medium wp-image-520\" src=\"http:\/\/armstrongyregion.com.ar\/diario\/wp-content\/uploads\/2015\/01\/10943646_787126884701394_6589881598214133576_n-300x200.jpg\" alt=\"Marcha por Jorge Cejas\" width=\"300\" height=\"200\" srcset=\"https:\/\/armstrongyregion.com.ar\/diario\/wp-content\/uploads\/2015\/01\/10943646_787126884701394_6589881598214133576_n-300x200.jpg 300w, https:\/\/armstrongyregion.com.ar\/diario\/wp-content\/uploads\/2015\/01\/10943646_787126884701394_6589881598214133576_n.jpg 450w\" sizes=\"auto, (max-width: 300px) 100vw, 300px\" \/><\/a>El pasado martes 20 de enero, a las 21hs, se realiz\u00f3, en nuestra ciudad, lo que se considera la \u00faltima marcha antes de nacionalizar el tema de la desaparici\u00f3n del empresario Jorge Cejas, ocurrido en el fin del mes de marzo 2014.<br \/>\nEl abogado patrocinante de la hija del empresario agropecuario, Stella Cejas, Dr. Hugo Arga\u00f1araz, dio su concepto de esta marcha al decir:<br \/>\n\u201cEs la primera marcha del a\u00f1o, pr\u00f3ximamente vamos a estar viajando hacia la ciudad de Buenos Aires, con el \u00fanico objetivo de reclamar en los medios nacionales la realizaci\u00f3n del valor justicia en el caso Cejas.\u201d<br \/>\nAmpliando esta declaraci\u00f3n dijo: \u201cVamos a peticionar como ha hecho la se\u00f1ora Stella Maris Cejas, no en contra de nadie, sino a favor de todo el mundo, un reclamo por la seguridad de Armstrong en su generalidad y por el esclarecimiento del caso Cejas.\u201d<br \/>\nSe hizo notar en estas marchas m\u00e1s all\u00e1 de la cantidad de participantes la importancia de la continuidad de las mismas.<br \/>\nSobre esto Arga\u00f1araz dijo: \u201cEs el objetivo que se ha propuesta Stella, con la \u00fanica finalidad de que el caso Cejas no quede perdido en la memoria colectiva y que peri\u00f3dicamente alguien de la comunidad de Armstrong al menos se acuerde que ha desaparecido el se\u00f1or Cejas\u201d.<br \/>\nPasado ya diez meses de la desaparici\u00f3n que se puede saber del recorrido de la causa: \u201cQue la misma no est\u00e1 dormida, que la misma est\u00e1 siendo trabajada incesantemente por el fiscal pero que no tenemos algo f\u00e1cil, esto es producto del crimen organizado\u201d, remarc\u00f3 el abogado.<br \/>\nAl producirse la desaparici\u00f3n estaba a cargo de la comisaria de nuestra ciudad el comisario Gracioso, quien ahora vuelve a estar en forma interina al mando de la misma, el concepto del jefe policial del patrocinante de la hija de Cejas fue: \u201cDel se\u00f1or Gracioso yo no voy a hablar los hechos hablan por si solos\u201d.<br \/>\nA su vez, la pareja de Stella Cejas, Graciela D\u00edaz, explic\u00f3 cu\u00e1l es la raz\u00f3n para llevar este caso a Buenos Aires al decir: \u201cLa idea es que se tome un conocimiento masivo del hecho de la desaparici\u00f3n de una persona, y que los hechos de inseguridad est\u00e1n en la provincia de Santa F\u00e9 instalados hace tiempo, no solo Buenos Aires es el centro del mundo. Jorge desapareci\u00f3 y nosotros lo estamos buscando, vivo, muerto o como sea. No queremos que haya m\u00e1s Jorges Cejas, desaparecidos, llegar all\u00e1 y que se sepa\u201d.<br \/>\nSe le pregunto a Graciela Diaz a que medios se iban a llevar los informes respondiendo: \u201cNo es conveniente decirlos\u201d.<br \/>\nRemarco D\u00edaz, \u201cque no decir donde se llevar\u00e1 es para preservar la informaci\u00f3n ya que los medios zonales ya no est\u00e1n aqu\u00ed y se ha boicoteado el tema, y adem\u00e1s se nos ha pedido mucho dinero para llevar esta informaci\u00f3n a un programa de Buenos Aires y nosotros no contamos con esa suma y quienes podr\u00edan haberlo aportado no lo hicieron.\u201d<br \/>\nFinalmente dijo que &#8211; \u00a8esto es todo a pulm\u00f3n, sale mucho dinero viajar pero lo vamos a hacer m\u00e1s all\u00e1 de algunas amenazas que hemos recibido\u00a8. He hizo un extensivo agradecimiento a toda la gente que esta vez se sum\u00f3 a marchar por un desaparecido de esta comunidad.<\/p>\n","protected":false},"excerpt":{"rendered":"<p>El pasado martes 20 de enero, a las 21hs, se realiz\u00f3, en nuestra ciudad, lo que se considera la \u00faltima marcha antes de nacionalizar el tema de la desaparici\u00f3n del empresario Jorge Cejas, ocurrido en el fin del mes de marzo 2014. El abogado patrocinante de la hija del empresario agropecuario, Stella Cejas, Dr. Hugo <a href=\"https:\/\/armstrongyregion.com.ar\/diario\/se-realizo-una-nueva-marcha-por-el-caso-cejas-diaz-declaro-hemos-recibido-amenazas%c2%a8\/\" title=\"Read more\" >&#8230;<\/a><\/p>\n","protected":false},"author":2,"featured_media":520,"comment_status":"open","ping_status":"open","sticky":false,"template":"","format":"standard","meta":{"_jetpack_memberships_contains_paid_content":false,"footnotes":"","jetpack_publicize_message":"","jetpack_publicize_feature_enabled":true,"jetpack_social_post_already_shared":false,"jetpack_social_options":{"image_generator_settings":{"template":"highway","default_image_id":0,"enabled":false},"version":2}},"categories":[1,2],"tags":[504,506,297,274,503,502,16,276,275,60,87,505,86,103],"class_list":["post-519","post","type-post","status-publish","format-standard","has-post-thumbnail","hentry","category-diario-armstrong","category-locales","tag-hemos","tag-amenazas","tag-caso","tag-cejas","tag-declaro","tag-diaz","tag-el","tag-marcha","tag-nueva","tag-por","tag-realizo","tag-recibido","tag-se","tag-una"],"jetpack_publicize_connections":[],"jetpack_featured_media_url":"https:\/\/armstrongyregion.com.ar\/diario\/wp-content\/uploads\/2015\/01\/10943646_787126884701394_6589881598214133576_n.jpg","jetpack_shortlink":"https:\/\/wp.me\/p62QDO-8n","jetpack_sharing_enabled":true,"amp_enabled":true,"_links":{"self":[{"href":"https:\/\/armstrongyregion.com.ar\/diario\/wp-json\/wp\/v2\/posts\/519","targetHints":{"allow":["GET"]}}],"collection":[{"href":"https:\/\/armstrongyregion.com.ar\/diario\/wp-json\/wp\/v2\/posts"}],"about":[{"href":"https:\/\/armstrongyregion.com.ar\/diario\/wp-json\/wp\/v2\/types\/post"}],"author":[{"embeddable":true,"href":"https:\/\/armstrongyregion.com.ar\/diario\/wp-json\/wp\/v2\/users\/2"}],"replies":[{"embeddable":true,"href":"https:\/\/armstrongyregion.com.ar\/diario\/wp-json\/wp\/v2\/comments?post=519"}],"version-history":[{"count":0,"href":"https:\/\/armstrongyregion.com.ar\/diario\/wp-json\/wp\/v2\/posts\/519\/revisions"}],"wp:featuredmedia":[{"embeddable":true,"href":"https:\/\/armstrongyregion.com.ar\/diario\/wp-json\/wp\/v2\/media\/520"}],"wp:attachment":[{"href":"https:\/\/armstrongyregion.com.ar\/diario\/wp-json\/wp\/v2\/media?parent=519"}],"wp:term":[{"taxonomy":"category","embeddable":true,"href":"https:\/\/armstrongyregion.com.ar\/diario\/wp-json\/wp\/v2\/categories?post=519"},{"taxonomy":"post_tag","embeddable":true,"href":"https:\/\/armstrongyregion.com.ar\/diario\/wp-json\/wp\/v2\/tags?post=519"}],"curies":[{"name":"wp","href":"https:\/\/api.w.org\/{rel}","templated":true}]}}