{"id":5170,"date":"2015-11-24T02:35:25","date_gmt":"2015-11-24T02:35:25","guid":{"rendered":"https:\/\/armstrongyregion.com.ar\/diario\/?p=5170"},"modified":"2015-11-24T02:35:25","modified_gmt":"2015-11-24T02:35:25","slug":"armstrong-destacada-actuacion-de-gimnastas-en-un-nacional","status":"publish","type":"post","link":"https:\/\/armstrongyregion.com.ar\/diario\/armstrong-destacada-actuacion-de-gimnastas-en-un-nacional\/","title":{"rendered":"Armstrong. Destacada actuaci\u00f3n de gimnastas en un nacional."},"content":{"rendered":"<p><a href=\"http:\/\/armstrongyregion.com.ar\/diario\/wp-content\/uploads\/2015\/11\/Gimnastas-Armstrong-.jpg\"><img loading=\"lazy\" decoding=\"async\" class=\"alignnone size-medium wp-image-5171\" src=\"http:\/\/armstrongyregion.com.ar\/diario\/wp-content\/uploads\/2015\/11\/Gimnastas-Armstrong--300x169.jpg\" alt=\"Gimnastas-Armstrong-\" width=\"300\" height=\"169\" srcset=\"https:\/\/armstrongyregion.com.ar\/diario\/wp-content\/uploads\/2015\/11\/Gimnastas-Armstrong--300x169.jpg 300w, https:\/\/armstrongyregion.com.ar\/diario\/wp-content\/uploads\/2015\/11\/Gimnastas-Armstrong-.jpg 960w\" sizes=\"auto, (max-width: 300px) 100vw, 300px\" \/><\/a>Integrantes de gimnasia art\u00edstica compitieron en Concepci\u00f3n del Uruguay, \u00a0Entre R\u00edos en un certamen nacional.\u200f Fueron dirigidas por las profesoras \u00a0Betiana Tosi, del Club Atl\u00e9tico Deportivo Norte\u00a0 y Sof\u00eda Castro del Club Atl\u00e9tico Defensores.<\/p>\n<p>Doce gimnastas armstronenses participaron de este certamen que estuvieron acompa\u00f1adas por sus familiares.<\/p>\n<p>Las profesoras destacaron que se encontraron en el lugar con aproximadamente 600 gimnastas de todo el pa\u00eds, Betiana Tosi continu\u00f3, \u201cFue una experiencia hermosa, \u00a0donde destacaron que Santa Fe hizo un muy buen papel y cada una de la chicas trajo su medalla\u201d.<\/p>\n<p>Sof\u00eda Castro agreg\u00f3, \u201cLas integrantes de la ciudad que compitieron tienen \u00a0de 7 a 23 a\u00f1os de edad, y, con relaci\u00f3n al resultado si las hab\u00eda dejado conformes o esperaban m\u00e1s \u00a0expresaron. \u201cuna por all\u00ed anhela un poco m\u00e1s, pero como algunas de ellas participaron por primera vez y les fue bastante bien\u201d.<\/p>\n","protected":false},"excerpt":{"rendered":"<p>Integrantes de gimnasia art\u00edstica compitieron en Concepci\u00f3n del Uruguay, \u00a0Entre R\u00edos en un certamen nacional.\u200f Fueron dirigidas por las profesoras \u00a0Betiana Tosi, del Club Atl\u00e9tico Deportivo Norte\u00a0 y Sof\u00eda Castro del Club Atl\u00e9tico Defensores. Doce gimnastas armstronenses participaron de este certamen que estuvieron acompa\u00f1adas por sus familiares. Las profesoras destacaron que se encontraron en el <a href=\"https:\/\/armstrongyregion.com.ar\/diario\/armstrong-destacada-actuacion-de-gimnastas-en-un-nacional\/\" title=\"Read more\" >&#8230;<\/a><\/p>\n","protected":false},"author":2,"featured_media":5171,"comment_status":"open","ping_status":"open","sticky":false,"template":"","format":"standard","meta":{"_jetpack_memberships_contains_paid_content":false,"footnotes":"","jetpack_publicize_message":"","jetpack_publicize_feature_enabled":true,"jetpack_social_post_already_shared":false,"jetpack_social_options":{"image_generator_settings":{"template":"highway","default_image_id":0,"enabled":false},"version":2}},"categories":[5,1,2,3],"tags":[2101,20,19,3202,15,3203,621,192],"class_list":["post-5170","post","type-post","status-publish","format-standard","has-post-thumbnail","hentry","category-deportes","category-diario-armstrong","category-locales","category-region","tag-actuacion","tag-armstrong","tag-de","tag-destacada","tag-en","tag-gimnastas","tag-nacional","tag-un"],"jetpack_publicize_connections":[],"jetpack_featured_media_url":"https:\/\/armstrongyregion.com.ar\/diario\/wp-content\/uploads\/2015\/11\/Gimnastas-Armstrong-.jpg","jetpack_shortlink":"https:\/\/wp.me\/p62QDO-1lo","jetpack_sharing_enabled":true,"amp_enabled":true,"_links":{"self":[{"href":"https:\/\/armstrongyregion.com.ar\/diario\/wp-json\/wp\/v2\/posts\/5170","targetHints":{"allow":["GET"]}}],"collection":[{"href":"https:\/\/armstrongyregion.com.ar\/diario\/wp-json\/wp\/v2\/posts"}],"about":[{"href":"https:\/\/armstrongyregion.com.ar\/diario\/wp-json\/wp\/v2\/types\/post"}],"author":[{"embeddable":true,"href":"https:\/\/armstrongyregion.com.ar\/diario\/wp-json\/wp\/v2\/users\/2"}],"replies":[{"embeddable":true,"href":"https:\/\/armstrongyregion.com.ar\/diario\/wp-json\/wp\/v2\/comments?post=5170"}],"version-history":[{"count":0,"href":"https:\/\/armstrongyregion.com.ar\/diario\/wp-json\/wp\/v2\/posts\/5170\/revisions"}],"wp:featuredmedia":[{"embeddable":true,"href":"https:\/\/armstrongyregion.com.ar\/diario\/wp-json\/wp\/v2\/media\/5171"}],"wp:attachment":[{"href":"https:\/\/armstrongyregion.com.ar\/diario\/wp-json\/wp\/v2\/media?parent=5170"}],"wp:term":[{"taxonomy":"category","embeddable":true,"href":"https:\/\/armstrongyregion.com.ar\/diario\/wp-json\/wp\/v2\/categories?post=5170"},{"taxonomy":"post_tag","embeddable":true,"href":"https:\/\/armstrongyregion.com.ar\/diario\/wp-json\/wp\/v2\/tags?post=5170"}],"curies":[{"name":"wp","href":"https:\/\/api.w.org\/{rel}","templated":true}]}}