{"id":5131,"date":"2015-11-20T21:51:28","date_gmt":"2015-11-20T21:51:28","guid":{"rendered":"https:\/\/armstrongyregion.com.ar\/diario\/?p=5131"},"modified":"2015-11-20T21:51:28","modified_gmt":"2015-11-20T21:51:28","slug":"canada-de-gomez-recibira-150-mil-pesos-para-el-servicio-de-proteccion-de-derechos-de-ninez-adolescencia-y-familia","status":"publish","type":"post","link":"https:\/\/armstrongyregion.com.ar\/diario\/canada-de-gomez-recibira-150-mil-pesos-para-el-servicio-de-proteccion-de-derechos-de-ninez-adolescencia-y-familia\/","title":{"rendered":"Ca\u00f1ada de G\u00f3mez recibir\u00e1 150 mil pesos para el servicio de Protecci\u00f3n de Derechos de Ni\u00f1ez, Adolescencia y Familia."},"content":{"rendered":"<p><a href=\"http:\/\/armstrongyregion.com.ar\/diario\/wp-content\/uploads\/2015\/11\/resize_1448049864-1.jpg\"><img loading=\"lazy\" decoding=\"async\" class=\"alignnone size-medium wp-image-5132\" src=\"http:\/\/armstrongyregion.com.ar\/diario\/wp-content\/uploads\/2015\/11\/resize_1448049864-1-300x169.jpg\" alt=\"Protecci\u00f3n-\" width=\"300\" height=\"169\" srcset=\"https:\/\/armstrongyregion.com.ar\/diario\/wp-content\/uploads\/2015\/11\/resize_1448049864-1-300x169.jpg 300w, https:\/\/armstrongyregion.com.ar\/diario\/wp-content\/uploads\/2015\/11\/resize_1448049864-1.jpg 616w\" sizes=\"auto, (max-width: 300px) 100vw, 300px\" \/><\/a>El convenio fue firmado con la Secretar\u00eda de Coordinaci\u00f3n de Pol\u00edticas Sociales del Ministerio de Desarrollo Social de Santa Fe. Los fondos servir\u00e1n para la conformaci\u00f3n y consolidaci\u00f3n de un servicio local de promoci\u00f3n y protecci\u00f3n<br \/>\nEl Municipio recibir\u00e1 del gobierno de Santa Fe 150 mil pesos destinados a la conformaci\u00f3n del Servicio local de Promoci\u00f3n y Protecci\u00f3n de Derechos de Ni\u00f1ez, Adolescencia y Familia.<br \/>\nPara esta recepci\u00f3n el Ejecutivo solicita la ratificaci\u00f3n del convenio suscripto entre la Municipalidad de Ca\u00f1ada de G\u00f3mez y la Secretar\u00eda de Coordinaci\u00f3n de Pol\u00edticas Sociales del Ministerio de Desarrollo Social Provincial que establece un monto de 150 mil pesos que se depositar\u00e1n en cuatro pagos trimestrales.<br \/>\nLos fondos tendr\u00e1n como destino cubrir los montos correspondientes a honorarios de los profesionales que estar\u00e1n a cargo del servicio local de Promoci\u00f3n y Protecci\u00f3n de Derechos de Ni\u00f1ez, Adolescencia y Familia que actualmente conforman el equipo de trabajo Interdisciplinario Municipal.<br \/>\nLos art\u00edculos restantes autorizan la recepci\u00f3n de los fondos, la adecuaci\u00f3n presupuestaria correspondiente del Presupuesto General de la Administraci\u00f3n Municipal, y la autorizaci\u00f3n de abonar con fondos del Ejecutivo las erogaciones mensuales que excedan las sumas recibidas.<br \/>\nEl proyecto fue enviado a Estudio de Comisi\u00f3n.<br \/>\nEl Recinto.com<\/p>\n","protected":false},"excerpt":{"rendered":"<p>El convenio fue firmado con la Secretar\u00eda de Coordinaci\u00f3n de Pol\u00edticas Sociales del Ministerio de Desarrollo Social de Santa Fe. Los fondos servir\u00e1n para la conformaci\u00f3n y consolidaci\u00f3n de un servicio local de promoci\u00f3n y protecci\u00f3n El Municipio recibir\u00e1 del gobierno de Santa Fe 150 mil pesos destinados a la conformaci\u00f3n del Servicio local de <a href=\"https:\/\/armstrongyregion.com.ar\/diario\/canada-de-gomez-recibira-150-mil-pesos-para-el-servicio-de-proteccion-de-derechos-de-ninez-adolescencia-y-familia\/\" title=\"Read more\" >&#8230;<\/a><\/p>\n","protected":false},"author":2,"featured_media":5132,"comment_status":"open","ping_status":"open","sticky":false,"template":"","format":"standard","meta":{"_jetpack_memberships_contains_paid_content":false,"footnotes":"","jetpack_publicize_message":"","jetpack_publicize_feature_enabled":true,"jetpack_social_post_already_shared":false,"jetpack_social_options":{"image_generator_settings":{"template":"highway","default_image_id":0,"enabled":false},"version":2}},"categories":[1,4,3],"tags":[3182,3180,19,3143,16,1163,114,3181,81,115,2976,508,13],"class_list":["post-5131","post","type-post","status-publish","format-standard","has-post-thumbnail","hentry","category-diario-armstrong","category-prevencion-salud","category-region","tag-adolescencia","tag-canada-de-gomez-recibira-150","tag-de","tag-derechos","tag-el","tag-familia","tag-mil","tag-ninez","tag-para","tag-pesos","tag-proteccion","tag-servicio","tag-y"],"jetpack_publicize_connections":[],"jetpack_featured_media_url":"https:\/\/armstrongyregion.com.ar\/diario\/wp-content\/uploads\/2015\/11\/resize_1448049864-1.jpg","jetpack_shortlink":"https:\/\/wp.me\/p62QDO-1kL","jetpack_sharing_enabled":true,"amp_enabled":true,"_links":{"self":[{"href":"https:\/\/armstrongyregion.com.ar\/diario\/wp-json\/wp\/v2\/posts\/5131","targetHints":{"allow":["GET"]}}],"collection":[{"href":"https:\/\/armstrongyregion.com.ar\/diario\/wp-json\/wp\/v2\/posts"}],"about":[{"href":"https:\/\/armstrongyregion.com.ar\/diario\/wp-json\/wp\/v2\/types\/post"}],"author":[{"embeddable":true,"href":"https:\/\/armstrongyregion.com.ar\/diario\/wp-json\/wp\/v2\/users\/2"}],"replies":[{"embeddable":true,"href":"https:\/\/armstrongyregion.com.ar\/diario\/wp-json\/wp\/v2\/comments?post=5131"}],"version-history":[{"count":0,"href":"https:\/\/armstrongyregion.com.ar\/diario\/wp-json\/wp\/v2\/posts\/5131\/revisions"}],"wp:featuredmedia":[{"embeddable":true,"href":"https:\/\/armstrongyregion.com.ar\/diario\/wp-json\/wp\/v2\/media\/5132"}],"wp:attachment":[{"href":"https:\/\/armstrongyregion.com.ar\/diario\/wp-json\/wp\/v2\/media?parent=5131"}],"wp:term":[{"taxonomy":"category","embeddable":true,"href":"https:\/\/armstrongyregion.com.ar\/diario\/wp-json\/wp\/v2\/categories?post=5131"},{"taxonomy":"post_tag","embeddable":true,"href":"https:\/\/armstrongyregion.com.ar\/diario\/wp-json\/wp\/v2\/tags?post=5131"}],"curies":[{"name":"wp","href":"https:\/\/api.w.org\/{rel}","templated":true}]}}