{"id":5104,"date":"2015-11-19T13:23:24","date_gmt":"2015-11-19T13:23:24","guid":{"rendered":"https:\/\/armstrongyregion.com.ar\/diario\/?p=5104"},"modified":"2015-11-19T13:23:24","modified_gmt":"2015-11-19T13:23:24","slug":"diego-mansilla-se-sumo-a-la-multitud-que-saludo-a-daniel-scioli-en-rosario","status":"publish","type":"post","link":"https:\/\/armstrongyregion.com.ar\/diario\/diego-mansilla-se-sumo-a-la-multitud-que-saludo-a-daniel-scioli-en-rosario\/","title":{"rendered":"Diego Mansilla se sum\u00f3 a la multitud que salud\u00f3 a Daniel Scioli en Rosario."},"content":{"rendered":"<p><a href=\"http:\/\/armstrongyregion.com.ar\/diario\/wp-content\/uploads\/2015\/11\/diego-mansilla-en-rosario-1.jpg\"><img loading=\"lazy\" decoding=\"async\" class=\"alignnone size-medium wp-image-5105\" src=\"http:\/\/armstrongyregion.com.ar\/diario\/wp-content\/uploads\/2015\/11\/diego-mansilla-en-rosario-1-300x198.jpg\" alt=\"diego mansilla en rosario 1\" width=\"300\" height=\"198\" srcset=\"https:\/\/armstrongyregion.com.ar\/diario\/wp-content\/uploads\/2015\/11\/diego-mansilla-en-rosario-1-300x198.jpg 300w, https:\/\/armstrongyregion.com.ar\/diario\/wp-content\/uploads\/2015\/11\/diego-mansilla-en-rosario-1.jpg 768w\" sizes=\"auto, (max-width: 300px) 100vw, 300px\" \/><\/a>\u201cLos que defendemos el trabajo queremos el triunfo del Frente para la Victoria\u201d<\/p>\n<p>\u201cNotamos que hay cada vez m\u00e1s conciencia de lo que est\u00e1 en juego, que tiene que ver con qu\u00e9 pa\u00eds queremos vivir en los pr\u00f3ximos a\u00f1os. Si el de la devaluaci\u00f3n, desindustrializaci\u00f3n, quita de subsidios y vuelta de la dependencia del FMI que propone Mauricio Macri o seguir con el cambio de verdad, el del crecimiento con empleo, con protecci\u00f3n y fomento de la industria nacional, con justicia social, que nos garantizan Daniel Scioli y Carlos Zannini\u201d, dijo Diego Mansilla, intendente de Las Parejas y parlamentario del Mercosur electo por la provincia de Santa Fe.<br \/>\n\u201cLos que defendemos el trabajo queremos el triunfo del Frente para la Victoria porque queremos el desarrollo soberano, la mejora de la calidad de vida para todos, queremos avanzar, no retroceder. Por eso lo que Scioli propone es llegar al 82 por ciento m\u00f3vil para los jubilados, modificar retenciones a favor de los peque\u00f1os y medianos productores, quitar el impuesto a las Ganancias para quienes ganan hasta 30 mil pesos mensuales, m\u00e1s inversi\u00f3n en el crecimiento y la diversificaci\u00f3n de la industria, en educaci\u00f3n, en ciencia y tecnolog\u00eda\u201d, remarc\u00f3 Mansilla, quien ayer se sum\u00f3 a los numerosos dirigentes, militantes y vecinos que saludaron a Daniel Scioli en su paso por Rosario.<\/p>\n","protected":false},"excerpt":{"rendered":"<p>\u201cLos que defendemos el trabajo queremos el triunfo del Frente para la Victoria\u201d \u201cNotamos que hay cada vez m\u00e1s conciencia de lo que est\u00e1 en juego, que tiene que ver con qu\u00e9 pa\u00eds queremos vivir en los pr\u00f3ximos a\u00f1os. Si el de la devaluaci\u00f3n, desindustrializaci\u00f3n, quita de subsidios y vuelta de la dependencia del FMI <a href=\"https:\/\/armstrongyregion.com.ar\/diario\/diego-mansilla-se-sumo-a-la-multitud-que-saludo-a-daniel-scioli-en-rosario\/\" title=\"Read more\" >&#8230;<\/a><\/p>\n","protected":false},"author":2,"featured_media":5105,"comment_status":"open","ping_status":"open","sticky":false,"template":"","format":"standard","meta":{"_jetpack_memberships_contains_paid_content":false,"footnotes":"","jetpack_publicize_message":"","jetpack_publicize_feature_enabled":true,"jetpack_social_post_already_shared":false,"jetpack_social_options":{"image_generator_settings":{"template":"highway","default_image_id":0,"enabled":false},"version":2}},"categories":[1,2819,2,7,3],"tags":[33,2396,3172,15,108,784,3173,2331],"class_list":["post-5104","post","type-post","status-publish","format-standard","has-post-thumbnail","hentry","category-diario-armstrong","category-el-pais","category-locales","category-politica","category-region","tag-a","tag-daniel","tag-diego-mansilla-se-sumo-a-la-multitud","tag-en","tag-que","tag-rosario","tag-saludo","tag-scioli"],"jetpack_publicize_connections":[],"jetpack_featured_media_url":"https:\/\/armstrongyregion.com.ar\/diario\/wp-content\/uploads\/2015\/11\/diego-mansilla-en-rosario-1.jpg","jetpack_shortlink":"https:\/\/wp.me\/p62QDO-1kk","jetpack_sharing_enabled":true,"amp_enabled":true,"_links":{"self":[{"href":"https:\/\/armstrongyregion.com.ar\/diario\/wp-json\/wp\/v2\/posts\/5104","targetHints":{"allow":["GET"]}}],"collection":[{"href":"https:\/\/armstrongyregion.com.ar\/diario\/wp-json\/wp\/v2\/posts"}],"about":[{"href":"https:\/\/armstrongyregion.com.ar\/diario\/wp-json\/wp\/v2\/types\/post"}],"author":[{"embeddable":true,"href":"https:\/\/armstrongyregion.com.ar\/diario\/wp-json\/wp\/v2\/users\/2"}],"replies":[{"embeddable":true,"href":"https:\/\/armstrongyregion.com.ar\/diario\/wp-json\/wp\/v2\/comments?post=5104"}],"version-history":[{"count":0,"href":"https:\/\/armstrongyregion.com.ar\/diario\/wp-json\/wp\/v2\/posts\/5104\/revisions"}],"wp:featuredmedia":[{"embeddable":true,"href":"https:\/\/armstrongyregion.com.ar\/diario\/wp-json\/wp\/v2\/media\/5105"}],"wp:attachment":[{"href":"https:\/\/armstrongyregion.com.ar\/diario\/wp-json\/wp\/v2\/media?parent=5104"}],"wp:term":[{"taxonomy":"category","embeddable":true,"href":"https:\/\/armstrongyregion.com.ar\/diario\/wp-json\/wp\/v2\/categories?post=5104"},{"taxonomy":"post_tag","embeddable":true,"href":"https:\/\/armstrongyregion.com.ar\/diario\/wp-json\/wp\/v2\/tags?post=5104"}],"curies":[{"name":"wp","href":"https:\/\/api.w.org\/{rel}","templated":true}]}}