{"id":5101,"date":"2015-11-19T13:14:28","date_gmt":"2015-11-19T13:14:28","guid":{"rendered":"https:\/\/armstrongyregion.com.ar\/diario\/?p=5101"},"modified":"2015-11-19T13:14:28","modified_gmt":"2015-11-19T13:14:28","slug":"reunion-para-editar-un-suplemento-informativo-impreso-en-braille","status":"publish","type":"post","link":"https:\/\/armstrongyregion.com.ar\/diario\/reunion-para-editar-un-suplemento-informativo-impreso-en-braille\/","title":{"rendered":"Reuni\u00f3n para editar un suplemento informativo impreso en braille."},"content":{"rendered":"<p><a href=\"http:\/\/armstrongyregion.com.ar\/diario\/wp-content\/uploads\/2015\/11\/Reuni\u00f3n-para-Editar-un-Suplemento-Informativo-Impreso-en-Braille.jpg\"><img loading=\"lazy\" decoding=\"async\" class=\"alignnone size-medium wp-image-5102\" src=\"http:\/\/armstrongyregion.com.ar\/diario\/wp-content\/uploads\/2015\/11\/Reuni\u00f3n-para-Editar-un-Suplemento-Informativo-Impreso-en-Braille-300x225.jpg\" alt=\" Impreso en Braille\" width=\"300\" height=\"225\" srcset=\"https:\/\/armstrongyregion.com.ar\/diario\/wp-content\/uploads\/2015\/11\/Reuni\u00f3n-para-Editar-un-Suplemento-Informativo-Impreso-en-Braille-300x225.jpg 300w, https:\/\/armstrongyregion.com.ar\/diario\/wp-content\/uploads\/2015\/11\/Reuni\u00f3n-para-Editar-un-Suplemento-Informativo-Impreso-en-Braille.jpg 768w\" sizes=\"auto, (max-width: 300px) 100vw, 300px\" \/><\/a>Ma\u00f1ana se encontrar\u00e1n representantes de la Casa del Senado, Ca\u00f1ada de G\u00f3mez, la Primaria Especial \u00abMar\u00eda de Alb\u00f3nico\u00bb y el semanario El Informe para avanzar con la iniciativa, que ser\u00e1 elaborada por alumnos y docentes de la escuela, con apoyo econ\u00f3mico de la Senadur\u00eda Iriondo.<\/p>\n<p>Este proyecto inclusivo propone que el suplemento braille se publique a partir de 2016 en Ca\u00f1ada de G\u00f3mez (en principio, ser\u00eda en forma mensual) junto al semanario local \u201cEl Informe\u201d. La novedad es que los contenidos incluidos ser\u00e1n elegidos y elaborados por los propios alumnos de la Escuela Primaria Especial \u00abMar\u00eda Molina de Alb\u00f3nico\u201d, con la colaboraci\u00f3n de sus docentes.<\/p>\n<p>Fernando Mauroni, uno de los impulsores de la iniciativa, remarc\u00f3 que el senador Hugo Rasetto comprometi\u00f3 los econ\u00f3micos para que esta idea se concrete, y destac\u00f3 que \u201cal contar con este importante apoyo, esperamos poder avanzar r\u00e1pidamente en la concreci\u00f3n del proyecto\u201d.<\/p>\n<p>\u201cNos entusiasma mucho la posibilidad de generar un espacio para que los ni\u00f1os y ni\u00f1as de la escuela puedan compartir sus inquietudes, y plasmar en el suplemento las noticias que ellos consideran de importancia\u201d, agreg\u00f3 el concejal ca\u00f1adense.<\/p>\n<p>La reuni\u00f3n pautada para ma\u00f1ana, tiene como premisa la coordinaci\u00f3n de objetivos entre representantes de la Escuela Primaria Especial \u00abMar\u00eda Molina de Alb\u00f3nico\u201d, el director del semanario El Informe, la Senadur\u00eda del departamento Iriondo y la Regi\u00f3n V del Ministerio de Educaci\u00f3n, en vistas de comenzar el pr\u00f3ximo a\u00f1o con la edici\u00f3n del suplemento impreso en braille.<\/p>\n","protected":false},"excerpt":{"rendered":"<p>Ma\u00f1ana se encontrar\u00e1n representantes de la Casa del Senado, Ca\u00f1ada de G\u00f3mez, la Primaria Especial \u00abMar\u00eda de Alb\u00f3nico\u00bb y el semanario El Informe para avanzar con la iniciativa, que ser\u00e1 elaborada por alumnos y docentes de la escuela, con apoyo econ\u00f3mico de la Senadur\u00eda Iriondo. Este proyecto inclusivo propone que el suplemento braille se publique <a href=\"https:\/\/armstrongyregion.com.ar\/diario\/reunion-para-editar-un-suplemento-informativo-impreso-en-braille\/\" title=\"Read more\" >&#8230;<\/a><\/p>\n","protected":false},"author":2,"featured_media":5102,"comment_status":"open","ping_status":"open","sticky":false,"template":"","format":"standard","meta":{"_jetpack_memberships_contains_paid_content":false,"footnotes":"","jetpack_publicize_message":"","jetpack_publicize_feature_enabled":true,"jetpack_social_post_already_shared":false,"jetpack_social_options":{"image_generator_settings":{"template":"highway","default_image_id":0,"enabled":false},"version":2}},"categories":[1,2,4,3],"tags":[3171,3168,15,3170,1826,81,462,3169,192],"class_list":["post-5101","post","type-post","status-publish","format-standard","has-post-thumbnail","hentry","category-diario-armstrong","category-locales","category-prevencion-salud","category-region","tag-braille","tag-editar","tag-en","tag-impreso","tag-informativo","tag-para","tag-reunion","tag-suplemento","tag-un"],"jetpack_publicize_connections":[],"jetpack_featured_media_url":"https:\/\/armstrongyregion.com.ar\/diario\/wp-content\/uploads\/2015\/11\/Reuni\u00f3n-para-Editar-un-Suplemento-Informativo-Impreso-en-Braille.jpg","jetpack_shortlink":"https:\/\/wp.me\/p62QDO-1kh","jetpack_sharing_enabled":true,"amp_enabled":true,"_links":{"self":[{"href":"https:\/\/armstrongyregion.com.ar\/diario\/wp-json\/wp\/v2\/posts\/5101","targetHints":{"allow":["GET"]}}],"collection":[{"href":"https:\/\/armstrongyregion.com.ar\/diario\/wp-json\/wp\/v2\/posts"}],"about":[{"href":"https:\/\/armstrongyregion.com.ar\/diario\/wp-json\/wp\/v2\/types\/post"}],"author":[{"embeddable":true,"href":"https:\/\/armstrongyregion.com.ar\/diario\/wp-json\/wp\/v2\/users\/2"}],"replies":[{"embeddable":true,"href":"https:\/\/armstrongyregion.com.ar\/diario\/wp-json\/wp\/v2\/comments?post=5101"}],"version-history":[{"count":0,"href":"https:\/\/armstrongyregion.com.ar\/diario\/wp-json\/wp\/v2\/posts\/5101\/revisions"}],"wp:featuredmedia":[{"embeddable":true,"href":"https:\/\/armstrongyregion.com.ar\/diario\/wp-json\/wp\/v2\/media\/5102"}],"wp:attachment":[{"href":"https:\/\/armstrongyregion.com.ar\/diario\/wp-json\/wp\/v2\/media?parent=5101"}],"wp:term":[{"taxonomy":"category","embeddable":true,"href":"https:\/\/armstrongyregion.com.ar\/diario\/wp-json\/wp\/v2\/categories?post=5101"},{"taxonomy":"post_tag","embeddable":true,"href":"https:\/\/armstrongyregion.com.ar\/diario\/wp-json\/wp\/v2\/tags?post=5101"}],"curies":[{"name":"wp","href":"https:\/\/api.w.org\/{rel}","templated":true}]}}