{"id":5072,"date":"2015-11-18T20:47:12","date_gmt":"2015-11-18T20:47:12","guid":{"rendered":"https:\/\/armstrongyregion.com.ar\/diario\/?p=5072"},"modified":"2015-11-18T20:47:12","modified_gmt":"2015-11-18T20:47:12","slug":"diego-mansilla-diputado-electo-del-parlasur","status":"publish","type":"post","link":"https:\/\/armstrongyregion.com.ar\/diario\/diego-mansilla-diputado-electo-del-parlasur\/","title":{"rendered":"Diego Mansilla, Diputado electo del Parlasur."},"content":{"rendered":"<p><a href=\"http:\/\/armstrongyregion.com.ar\/diario\/wp-content\/uploads\/2015\/11\/Diego-Mansilla.jpg\"><img loading=\"lazy\" decoding=\"async\" class=\"alignnone size-medium wp-image-5073\" src=\"http:\/\/armstrongyregion.com.ar\/diario\/wp-content\/uploads\/2015\/11\/Diego-Mansilla-300x193.jpg\" alt=\"Diego-Mansilla\" width=\"300\" height=\"193\" srcset=\"https:\/\/armstrongyregion.com.ar\/diario\/wp-content\/uploads\/2015\/11\/Diego-Mansilla-300x193.jpg 300w, https:\/\/armstrongyregion.com.ar\/diario\/wp-content\/uploads\/2015\/11\/Diego-Mansilla.jpg 621w\" sizes=\"auto, (max-width: 300px) 100vw, 300px\" \/><\/a><\/p>\n<p><iframe loading=\"lazy\" width=\"800\" height=\"600\" src=\"https:\/\/www.youtube.com\/embed\/svI6MMnxXAk?feature=oembed\" frameborder=\"0\" allowfullscreen><\/iframe><\/p>\n<p>El Mercosur, tendr\u00e1 desde este a\u00f1o representaci\u00f3n legislativa elegida por el voto popular. Quien asumir\u00e1 en representaci\u00f3n de Santa Fe, el intendente de Las Parejas, Diego Mansilla, quien destac\u00f3 la importancia de tener este tipo de representaciones para el desarrollo regional de todas sus modalidades. Darle al norte santafesino el desarrollo necesario para una mejor calidad de vida.<\/p>\n<p><iframe loading=\"lazy\" width=\"800\" height=\"600\" src=\"https:\/\/www.youtube.com\/embed\/svI6MMnxXAk?feature=oembed\" frameborder=\"0\" allowfullscreen><\/iframe><\/p>\n","protected":false},"excerpt":{"rendered":"<p>El Mercosur, tendr\u00e1 desde este a\u00f1o representaci\u00f3n legislativa elegida por el voto popular. Quien asumir\u00e1 en representaci\u00f3n de Santa Fe, el intendente de Las Parejas, Diego Mansilla, quien destac\u00f3 la importancia de tener este tipo de representaciones para el desarrollo regional de todas sus modalidades. Darle al norte santafesino el desarrollo necesario para una mejor <a href=\"https:\/\/armstrongyregion.com.ar\/diario\/diego-mansilla-diputado-electo-del-parlasur\/\" title=\"Read more\" >&#8230;<\/a><\/p>\n","protected":false},"author":2,"featured_media":5073,"comment_status":"open","ping_status":"open","sticky":false,"template":"","format":"standard","meta":{"_jetpack_memberships_contains_paid_content":false,"footnotes":"","jetpack_publicize_message":"","jetpack_publicize_feature_enabled":true,"jetpack_social_post_already_shared":false,"jetpack_social_options":{"image_generator_settings":{"template":"highway","default_image_id":0,"enabled":false},"version":2}},"categories":[8,1,2,3],"tags":[990,991],"class_list":["post-5072","post","type-post","status-publish","format-standard","has-post-thumbnail","hentry","category-deliberando","category-diario-armstrong","category-locales","category-region","tag-diego","tag-mansilla"],"jetpack_publicize_connections":[],"jetpack_featured_media_url":"https:\/\/armstrongyregion.com.ar\/diario\/wp-content\/uploads\/2015\/11\/Diego-Mansilla.jpg","jetpack_shortlink":"https:\/\/wp.me\/p62QDO-1jO","jetpack_sharing_enabled":true,"amp_enabled":true,"_links":{"self":[{"href":"https:\/\/armstrongyregion.com.ar\/diario\/wp-json\/wp\/v2\/posts\/5072","targetHints":{"allow":["GET"]}}],"collection":[{"href":"https:\/\/armstrongyregion.com.ar\/diario\/wp-json\/wp\/v2\/posts"}],"about":[{"href":"https:\/\/armstrongyregion.com.ar\/diario\/wp-json\/wp\/v2\/types\/post"}],"author":[{"embeddable":true,"href":"https:\/\/armstrongyregion.com.ar\/diario\/wp-json\/wp\/v2\/users\/2"}],"replies":[{"embeddable":true,"href":"https:\/\/armstrongyregion.com.ar\/diario\/wp-json\/wp\/v2\/comments?post=5072"}],"version-history":[{"count":0,"href":"https:\/\/armstrongyregion.com.ar\/diario\/wp-json\/wp\/v2\/posts\/5072\/revisions"}],"wp:featuredmedia":[{"embeddable":true,"href":"https:\/\/armstrongyregion.com.ar\/diario\/wp-json\/wp\/v2\/media\/5073"}],"wp:attachment":[{"href":"https:\/\/armstrongyregion.com.ar\/diario\/wp-json\/wp\/v2\/media?parent=5072"}],"wp:term":[{"taxonomy":"category","embeddable":true,"href":"https:\/\/armstrongyregion.com.ar\/diario\/wp-json\/wp\/v2\/categories?post=5072"},{"taxonomy":"post_tag","embeddable":true,"href":"https:\/\/armstrongyregion.com.ar\/diario\/wp-json\/wp\/v2\/tags?post=5072"}],"curies":[{"name":"wp","href":"https:\/\/api.w.org\/{rel}","templated":true}]}}