{"id":5031,"date":"2015-11-17T14:44:59","date_gmt":"2015-11-17T14:44:59","guid":{"rendered":"https:\/\/armstrongyregion.com.ar\/diario\/?p=5031"},"modified":"2015-11-17T14:44:59","modified_gmt":"2015-11-17T14:44:59","slug":"guillermo-cornaglia-senador-electo-dto-belgrano","status":"publish","type":"post","link":"https:\/\/armstrongyregion.com.ar\/diario\/guillermo-cornaglia-senador-electo-dto-belgrano\/","title":{"rendered":"Guillermo Cornaglia. Senador electo Dto. Belgrano."},"content":{"rendered":"<p><a href=\"http:\/\/armstrongyregion.com.ar\/diario\/wp-content\/uploads\/2015\/11\/Guillermo_Cornaglia-Deliberando_.jpg\"><img loading=\"lazy\" decoding=\"async\" class=\"alignnone size-medium wp-image-5032\" src=\"http:\/\/armstrongyregion.com.ar\/diario\/wp-content\/uploads\/2015\/11\/Guillermo_Cornaglia-Deliberando_-300x228.jpg\" alt=\"Guillermo_Cornaglia-Deliberando_\" width=\"300\" height=\"228\" srcset=\"https:\/\/armstrongyregion.com.ar\/diario\/wp-content\/uploads\/2015\/11\/Guillermo_Cornaglia-Deliberando_-300x228.jpg 300w, https:\/\/armstrongyregion.com.ar\/diario\/wp-content\/uploads\/2015\/11\/Guillermo_Cornaglia-Deliberando_.jpg 768w\" sizes=\"auto, (max-width: 300px) 100vw, 300px\" \/><\/a><\/p>\n<p>&nbsp;<\/p>\n<p><iframe loading=\"lazy\" width=\"800\" height=\"600\" src=\"https:\/\/www.youtube.com\/embed\/9AR-BF8Lbrk?feature=oembed\" frameborder=\"0\" allowfullscreen><\/iframe><\/p>\n<p><iframe loading=\"lazy\" width=\"800\" height=\"600\" src=\"https:\/\/www.youtube.com\/embed\/F7uu9vKWT5Q?feature=oembed\" frameborder=\"0\" allowfullscreen><\/iframe><\/p>\n<p>El Frente para la Victoria, triunfo en la provincia en las categor\u00edas legislativas, y ahora trabajar\u00e1n para que Scioli sea el presidente argentino, lo afirma el senador provincial electo Guillermo Cornaglia. Como ser\u00e1 la entrega de la comuna que preside a su sucesor el 10 de diciembre.<\/p>\n","protected":false},"excerpt":{"rendered":"<p>&nbsp; El Frente para la Victoria, triunfo en la provincia en las categor\u00edas legislativas, y ahora trabajar\u00e1n para que Scioli sea el presidente argentino, lo afirma el senador provincial electo Guillermo Cornaglia. Como ser\u00e1 la entrega de la comuna que preside a su sucesor el 10 de diciembre.<\/p>\n","protected":false},"author":2,"featured_media":5032,"comment_status":"open","ping_status":"open","sticky":false,"template":"","format":"standard","meta":{"_jetpack_memberships_contains_paid_content":false,"footnotes":"","jetpack_publicize_message":"","jetpack_publicize_feature_enabled":true,"jetpack_social_post_already_shared":false,"jetpack_social_options":{"image_generator_settings":{"template":"highway","default_image_id":0,"enabled":false},"version":2}},"categories":[8,1,2,7,3],"tags":[873,1324,1274,1071,1323,238],"class_list":["post-5031","post","type-post","status-publish","format-standard","has-post-thumbnail","hentry","category-deliberando","category-diario-armstrong","category-locales","category-politica","category-region","tag-belgrano","tag-cornaglia","tag-dto","tag-electo","tag-guillermo","tag-senador"],"jetpack_publicize_connections":[],"jetpack_featured_media_url":"https:\/\/armstrongyregion.com.ar\/diario\/wp-content\/uploads\/2015\/11\/Guillermo_Cornaglia-Deliberando_.jpg","jetpack_shortlink":"https:\/\/wp.me\/p62QDO-1j9","jetpack_sharing_enabled":true,"amp_enabled":true,"_links":{"self":[{"href":"https:\/\/armstrongyregion.com.ar\/diario\/wp-json\/wp\/v2\/posts\/5031","targetHints":{"allow":["GET"]}}],"collection":[{"href":"https:\/\/armstrongyregion.com.ar\/diario\/wp-json\/wp\/v2\/posts"}],"about":[{"href":"https:\/\/armstrongyregion.com.ar\/diario\/wp-json\/wp\/v2\/types\/post"}],"author":[{"embeddable":true,"href":"https:\/\/armstrongyregion.com.ar\/diario\/wp-json\/wp\/v2\/users\/2"}],"replies":[{"embeddable":true,"href":"https:\/\/armstrongyregion.com.ar\/diario\/wp-json\/wp\/v2\/comments?post=5031"}],"version-history":[{"count":0,"href":"https:\/\/armstrongyregion.com.ar\/diario\/wp-json\/wp\/v2\/posts\/5031\/revisions"}],"wp:featuredmedia":[{"embeddable":true,"href":"https:\/\/armstrongyregion.com.ar\/diario\/wp-json\/wp\/v2\/media\/5032"}],"wp:attachment":[{"href":"https:\/\/armstrongyregion.com.ar\/diario\/wp-json\/wp\/v2\/media?parent=5031"}],"wp:term":[{"taxonomy":"category","embeddable":true,"href":"https:\/\/armstrongyregion.com.ar\/diario\/wp-json\/wp\/v2\/categories?post=5031"},{"taxonomy":"post_tag","embeddable":true,"href":"https:\/\/armstrongyregion.com.ar\/diario\/wp-json\/wp\/v2\/tags?post=5031"}],"curies":[{"name":"wp","href":"https:\/\/api.w.org\/{rel}","templated":true}]}}