{"id":5015,"date":"2015-11-16T14:31:07","date_gmt":"2015-11-16T14:31:07","guid":{"rendered":"https:\/\/armstrongyregion.com.ar\/diario\/?p=5015"},"modified":"2015-11-16T14:31:07","modified_gmt":"2015-11-16T14:31:07","slug":"canada-de-gomez-el-municipio-estrena-los-diez-cortos-sobre-derechos-del-nino","status":"publish","type":"post","link":"https:\/\/armstrongyregion.com.ar\/diario\/canada-de-gomez-el-municipio-estrena-los-diez-cortos-sobre-derechos-del-nino\/","title":{"rendered":"Ca\u00f1ada de G\u00f3mez. El municipio estrena los diez cortos sobre derechos del ni\u00f1o."},"content":{"rendered":"<p><a href=\"http:\/\/armstrongyregion.com.ar\/diario\/wp-content\/uploads\/2015\/11\/12194866_1638493853070987_5622121423227082572_o.jpg\"><img loading=\"lazy\" decoding=\"async\" class=\"alignnone size-medium wp-image-5016\" src=\"http:\/\/armstrongyregion.com.ar\/diario\/wp-content\/uploads\/2015\/11\/12194866_1638493853070987_5622121423227082572_o-300x230.jpg\" alt=\"cortos-\" width=\"300\" height=\"230\" srcset=\"https:\/\/armstrongyregion.com.ar\/diario\/wp-content\/uploads\/2015\/11\/12194866_1638493853070987_5622121423227082572_o-300x230.jpg 300w, https:\/\/armstrongyregion.com.ar\/diario\/wp-content\/uploads\/2015\/11\/12194866_1638493853070987_5622121423227082572_o.jpg 768w\" sizes=\"auto, (max-width: 300px) 100vw, 300px\" \/><\/a>Ser\u00e1 a las 19:30 en Teatro Cervantes, con entrada libre. Las producciones audiovisuales fueron realizadas por cerca de trescientos ni\u00f1os y j\u00f3venes de la ciudad.<br \/>\nLa Municipalidad de Ca\u00f1ada de G\u00f3mez invita a la proyecci\u00f3n estreno de la experiencia \u00abVideminuto por los Derechos del Ni\u00f1o\u00bb, que se realizar\u00e1 hoy domingo 15 a las 19:30 en Teatro Cervantes, con entrada libre y gratuita.<br \/>\nBajo la consigna \u00abDiez escuelas, diez derechos, diez cortometrajes, cerca de 300 ni\u00f1os y j\u00f3venes participantes de nuestra ciudad\u00bb, en el marco del proyecto Cortos 72 horas, la gesti\u00f3n municipal lleva adelante la primera iniciativa colectiva de alfabetizaci\u00f3n audiovisual destinada a promover los derechos de los ni\u00f1os, ni\u00f1as y adolescentes.<br \/>\n\u00abHoy veremos el trabajo de ni\u00f1os de entre 11 y 13 a\u00f1os provenientes de todas las escuelas primarias de la ciudad, quienes guiados por j\u00f3venes de secundaria que ya vivenciaron la experiencia de hacer dos cortometraje de forma profesional, aportan una mirada fresca y genuina sobre sus propios derechos\u00bb, ampliaron desde el municipio y recomendaron ir temprano, ya que se aguarda una concurrencia masiva de p\u00fablico.<\/p>\n","protected":false},"excerpt":{"rendered":"<p>Ser\u00e1 a las 19:30 en Teatro Cervantes, con entrada libre. Las producciones audiovisuales fueron realizadas por cerca de trescientos ni\u00f1os y j\u00f3venes de la ciudad. La Municipalidad de Ca\u00f1ada de G\u00f3mez invita a la proyecci\u00f3n estreno de la experiencia \u00abVideminuto por los Derechos del Ni\u00f1o\u00bb, que se realizar\u00e1 hoy domingo 15 a las 19:30 en <a href=\"https:\/\/armstrongyregion.com.ar\/diario\/canada-de-gomez-el-municipio-estrena-los-diez-cortos-sobre-derechos-del-nino\/\" title=\"Read more\" >&#8230;<\/a><\/p>\n","protected":false},"author":2,"featured_media":5016,"comment_status":"open","ping_status":"open","sticky":false,"template":"","format":"standard","meta":{"_jetpack_memberships_contains_paid_content":false,"footnotes":"","jetpack_publicize_message":"","jetpack_publicize_feature_enabled":true,"jetpack_social_post_already_shared":false,"jetpack_social_options":{"image_generator_settings":{"template":"highway","default_image_id":0,"enabled":false},"version":2}},"categories":[1,3],"tags":[163,3067,19,53,3143,1892,16,3142,164,42,217,2502,118],"class_list":["post-5015","post","type-post","status-publish","format-standard","has-post-thumbnail","hentry","category-diario-armstrong","category-region","tag-canada","tag-cortos","tag-de","tag-del","tag-derechos","tag-diez","tag-el","tag-estrena","tag-gomez","tag-los","tag-municipio","tag-nino","tag-sobre"],"jetpack_publicize_connections":[],"jetpack_featured_media_url":"https:\/\/armstrongyregion.com.ar\/diario\/wp-content\/uploads\/2015\/11\/12194866_1638493853070987_5622121423227082572_o.jpg","jetpack_shortlink":"https:\/\/wp.me\/p62QDO-1iT","jetpack_sharing_enabled":true,"amp_enabled":true,"_links":{"self":[{"href":"https:\/\/armstrongyregion.com.ar\/diario\/wp-json\/wp\/v2\/posts\/5015","targetHints":{"allow":["GET"]}}],"collection":[{"href":"https:\/\/armstrongyregion.com.ar\/diario\/wp-json\/wp\/v2\/posts"}],"about":[{"href":"https:\/\/armstrongyregion.com.ar\/diario\/wp-json\/wp\/v2\/types\/post"}],"author":[{"embeddable":true,"href":"https:\/\/armstrongyregion.com.ar\/diario\/wp-json\/wp\/v2\/users\/2"}],"replies":[{"embeddable":true,"href":"https:\/\/armstrongyregion.com.ar\/diario\/wp-json\/wp\/v2\/comments?post=5015"}],"version-history":[{"count":0,"href":"https:\/\/armstrongyregion.com.ar\/diario\/wp-json\/wp\/v2\/posts\/5015\/revisions"}],"wp:featuredmedia":[{"embeddable":true,"href":"https:\/\/armstrongyregion.com.ar\/diario\/wp-json\/wp\/v2\/media\/5016"}],"wp:attachment":[{"href":"https:\/\/armstrongyregion.com.ar\/diario\/wp-json\/wp\/v2\/media?parent=5015"}],"wp:term":[{"taxonomy":"category","embeddable":true,"href":"https:\/\/armstrongyregion.com.ar\/diario\/wp-json\/wp\/v2\/categories?post=5015"},{"taxonomy":"post_tag","embeddable":true,"href":"https:\/\/armstrongyregion.com.ar\/diario\/wp-json\/wp\/v2\/tags?post=5015"}],"curies":[{"name":"wp","href":"https:\/\/api.w.org\/{rel}","templated":true}]}}