{"id":5009,"date":"2015-11-14T22:42:01","date_gmt":"2015-11-14T22:42:01","guid":{"rendered":"https:\/\/armstrongyregion.com.ar\/diario\/?p=5009"},"modified":"2015-11-14T22:42:01","modified_gmt":"2015-11-14T22:42:01","slug":"septiembre-mes-de-la-concientizacion-del-suicidio-por-leide-lessa","status":"publish","type":"post","link":"https:\/\/armstrongyregion.com.ar\/diario\/septiembre-mes-de-la-concientizacion-del-suicidio-por-leide-lessa\/","title":{"rendered":"Septiembre: Mes de la Concientizaci\u00f3n del Suicidio. Por Leide Lessa."},"content":{"rendered":"<p><a href=\"http:\/\/armstrongyregion.com.ar\/diario\/wp-content\/uploads\/2015\/11\/42-17652330-1.jpg\"><img loading=\"lazy\" decoding=\"async\" class=\"alignnone size-medium wp-image-5010\" src=\"http:\/\/armstrongyregion.com.ar\/diario\/wp-content\/uploads\/2015\/11\/42-17652330-1-300x200.jpg\" alt=\"suicidio_Leide_Lessa-\" width=\"300\" height=\"200\" srcset=\"https:\/\/armstrongyregion.com.ar\/diario\/wp-content\/uploads\/2015\/11\/42-17652330-1-300x200.jpg 300w, https:\/\/armstrongyregion.com.ar\/diario\/wp-content\/uploads\/2015\/11\/42-17652330-1.jpg 768w\" sizes=\"auto, (max-width: 300px) 100vw, 300px\" \/><\/a>\u00daltimo semestre en la universidad: Se sent\u00eda m\u00e1s deprimida que nunca. Ten\u00eda mucho que hacer. \u00bfQu\u00e9 pensamiento le vino? El suicidio. Eso fue lo que le pas\u00f3 a Joni Overton-Jung hace algunos a\u00f1os.<\/p>\n<p>En septiembre empieza la primavera, pero no todo son flores. Ha sido elegido como el mes de la concientizaci\u00f3n del suicidio. Chile est\u00e1 entre los 20 pa\u00edses donde hay m\u00e1s suicidios, con 11 muertes por suicidio cada 100 mil habitantes. El an\u00e1lisis realizado en un Informe del Programa Nacional de Salud Integral de Adolescentes y J\u00f3venes, del Ministerio de Salud del Gobierno de Chile (de diciembre de 2013) revel\u00f3 que \u201centre los pa\u00edses miembros, de 1995 a 2009, Chile ocup\u00f3 el segundo lugar con mayor tasa de mortalidad por suicidio despu\u00e9s de Corea del Sur (promedio 54,9 muertes por cada 100 mil habitantes), le siguen Jap\u00f3n, M\u00e9xico y Portugal\u201d.<\/p>\n<p>Poco se habla al respecto, pero la Organizaci\u00f3n Mundial de la Salud informa que m\u00e1s de 800 mil personas anualmente se quitan la vida, y muchas m\u00e1s lo intentan. Esto clasifica el suicidio como la segunda causa principal de muerte entre j\u00f3venes de 15 a 29 a\u00f1os. Aunque es considerado un grave problema de salud p\u00fablica, es prevenible a trav\u00e9s de lo que la OMS llama \u201cintervenciones oportunas\u201d.<\/p>\n<p>Justamente una \u201cintervenci\u00f3n oportuna\u201d en forma de pensamiento fue lo que le vino a Joni cuando planeaba c\u00f3mo suicidarse: \u201cEl suicidio no va a resolver tus problemas, tienes que enfrentarlos\u00bb.<\/p>\n<p>En medio de la desesperaci\u00f3n, pudo detenerse y analizar ese mensaje. Sinti\u00f3 como si fuera un llamado hacia algo mucho m\u00e1s profundo. No podr\u00eda escapar de algo tan grande como la Vida, Dios. Lo que s\u00ed tendr\u00edan que desaparecer eran las tinieblas, o la oscuridad mental que enfrentaba, no ella misma.<\/p>\n<p>Los que sufren de depresi\u00f3n o problemas mentales enfrentan justamente esa confusi\u00f3n. Creen que la causa es uno mismo y no la oscuridad mental que con la luz divina puede desaparecer. Enfocarse en lo m\u00e1s grande, en este caso la Vida como fuente de luz, de armon\u00eda y de progreso, puede traer una paz y alivio muy grandes. Adem\u00e1s de quitar una carga de encima y la sensaci\u00f3n de incapacidad personal.<\/p>\n<p>Joni experiment\u00f3 una tranquilidad que nunca hab\u00eda sentido antes, y quiso escuchar m\u00e1s a\u00fan la voz de la Vida. Al escucharla profundamente, tambi\u00e9n sinti\u00f3 que el Amor divino atravesaba la oscuridad mental y la desesperaci\u00f3n para mostrarle un plan armonioso. Aunque nada hab\u00eda cambiado externamente, se sinti\u00f3 profundamente amada y liberada.<\/p>\n<p>Eso pas\u00f3 hace algunos a\u00f1os y desde entonces Joni empez\u00f3 a estudiar profundamente el sentido espiritual de la Vida y el poder sanador del Amor. Hoy d\u00eda, incluso ayuda a otras personas a encontrar su conexi\u00f3n con la Vida y con el poder sanador del Amor.<\/p>\n<p>Como estamos en septiembre y es el mes de la \u201cconcientizaci\u00f3n\u201d, creo que podr\u00edamos ayudar a muchas personas si estamos de verdad conscientes y llenos de amor, reconociendo que todos tienen el derecho divino y la capacidad innata de encontrar su camino hacia la luz, la libertad y la armon\u00eda de la Vida.<br \/>\nLeide Lessa es maestra y conferenciante de la Ciencia Cristiana y escribe sobre la relaci\u00f3n entre el pensamiento, la espiritualidad y la salud.<\/p>\n","protected":false},"excerpt":{"rendered":"<p>\u00daltimo semestre en la universidad: Se sent\u00eda m\u00e1s deprimida que nunca. Ten\u00eda mucho que hacer. \u00bfQu\u00e9 pensamiento le vino? El suicidio. Eso fue lo que le pas\u00f3 a Joni Overton-Jung hace algunos a\u00f1os. En septiembre empieza la primavera, pero no todo son flores. Ha sido elegido como el mes de la concientizaci\u00f3n del suicidio. Chile <a href=\"https:\/\/armstrongyregion.com.ar\/diario\/septiembre-mes-de-la-concientizacion-del-suicidio-por-leide-lessa\/\" title=\"Read more\" >&#8230;<\/a><\/p>\n","protected":false},"author":2,"featured_media":5010,"comment_status":"open","ping_status":"open","sticky":false,"template":"","format":"standard","meta":{"_jetpack_memberships_contains_paid_content":false,"footnotes":"","jetpack_publicize_message":"","jetpack_publicize_feature_enabled":true,"jetpack_social_post_already_shared":false,"jetpack_social_options":{"image_generator_settings":{"template":"highway","default_image_id":0,"enabled":false},"version":2}},"categories":[6,1,2,4,3],"tags":[3139,19,53,31,658,659,1129,60,2628,823],"class_list":["post-5009","post","type-post","status-publish","format-standard","has-post-thumbnail","hentry","category-cultura-entretenimiento","category-diario-armstrong","category-locales","category-prevencion-salud","category-region","tag-concientizacion","tag-de","tag-del","tag-la","tag-leide","tag-lessa","tag-mes","tag-por","tag-septiembre","tag-suicidio"],"jetpack_publicize_connections":[],"jetpack_featured_media_url":"https:\/\/armstrongyregion.com.ar\/diario\/wp-content\/uploads\/2015\/11\/42-17652330-1.jpg","jetpack_shortlink":"https:\/\/wp.me\/p62QDO-1iN","jetpack_sharing_enabled":true,"amp_enabled":true,"_links":{"self":[{"href":"https:\/\/armstrongyregion.com.ar\/diario\/wp-json\/wp\/v2\/posts\/5009","targetHints":{"allow":["GET"]}}],"collection":[{"href":"https:\/\/armstrongyregion.com.ar\/diario\/wp-json\/wp\/v2\/posts"}],"about":[{"href":"https:\/\/armstrongyregion.com.ar\/diario\/wp-json\/wp\/v2\/types\/post"}],"author":[{"embeddable":true,"href":"https:\/\/armstrongyregion.com.ar\/diario\/wp-json\/wp\/v2\/users\/2"}],"replies":[{"embeddable":true,"href":"https:\/\/armstrongyregion.com.ar\/diario\/wp-json\/wp\/v2\/comments?post=5009"}],"version-history":[{"count":0,"href":"https:\/\/armstrongyregion.com.ar\/diario\/wp-json\/wp\/v2\/posts\/5009\/revisions"}],"wp:featuredmedia":[{"embeddable":true,"href":"https:\/\/armstrongyregion.com.ar\/diario\/wp-json\/wp\/v2\/media\/5010"}],"wp:attachment":[{"href":"https:\/\/armstrongyregion.com.ar\/diario\/wp-json\/wp\/v2\/media?parent=5009"}],"wp:term":[{"taxonomy":"category","embeddable":true,"href":"https:\/\/armstrongyregion.com.ar\/diario\/wp-json\/wp\/v2\/categories?post=5009"},{"taxonomy":"post_tag","embeddable":true,"href":"https:\/\/armstrongyregion.com.ar\/diario\/wp-json\/wp\/v2\/tags?post=5009"}],"curies":[{"name":"wp","href":"https:\/\/api.w.org\/{rel}","templated":true}]}}