{"id":5000,"date":"2015-11-14T22:19:42","date_gmt":"2015-11-14T22:19:42","guid":{"rendered":"https:\/\/armstrongyregion.com.ar\/diario\/?p=5000"},"modified":"2015-11-14T22:19:42","modified_gmt":"2015-11-14T22:19:42","slug":"habilitaron-el-nodo-canada-de-gomez-de-la-red-federal-de-fibra-optica","status":"publish","type":"post","link":"https:\/\/armstrongyregion.com.ar\/diario\/habilitaron-el-nodo-canada-de-gomez-de-la-red-federal-de-fibra-optica\/","title":{"rendered":"Habilitaron el nodo Ca\u00f1ada de G\u00f3mez de la Red Federal de Fibra Optica."},"content":{"rendered":"<p><a href=\"http:\/\/armstrongyregion.com.ar\/diario\/wp-content\/uploads\/2015\/11\/IMG_0905.jpg\"><img loading=\"lazy\" decoding=\"async\" class=\"alignnone size-medium wp-image-5001\" src=\"http:\/\/armstrongyregion.com.ar\/diario\/wp-content\/uploads\/2015\/11\/IMG_0905-300x168.jpg\" alt=\"Setella_Clerici-Fibra-Optica-\" width=\"300\" height=\"168\" srcset=\"https:\/\/armstrongyregion.com.ar\/diario\/wp-content\/uploads\/2015\/11\/IMG_0905-300x168.jpg 300w, https:\/\/armstrongyregion.com.ar\/diario\/wp-content\/uploads\/2015\/11\/IMG_0905.jpg 768w\" sizes=\"auto, (max-width: 300px) 100vw, 300px\" \/><\/a>El acto fue encabezado por la intendenta Stella Cl\u00e9rici junto a representantes de la Autoridad Federal de Tecnolog\u00edas de la Informaci\u00f3n<br \/>\ny ARSAT. Permitir\u00e1 la ampliaci\u00f3n de la oferta de servicios de Internet, telefon\u00eda fija y m\u00f3vil y televisi\u00f3n a los habitantes del pa\u00eds, a trav\u00e9s<br \/>\nde los cable operadores y prestadoras de servicio.<\/p>\n<p>El pasado jueves qued\u00f3 habilitado el Nodo Ca\u00f1ada de G\u00f3mez de la Red<br \/>\nFederal de Fibra \u00d3ptica como parte del programa Argentina Conectada. El acto fue encabezado por la intendenta Stella Cl\u00e9rici, acompa\u00f1ada por<br \/>\nrepresentantes de la Autoridad Federal de Tecnolog\u00edas de la Informaci\u00f3n y ARSAT.<br \/>\nEl desarrollo de la REFEFO complementar\u00e1 las redes de telecomunicaciones existentes en cada provincia, permitiendo la<br \/>\nampliaci\u00f3n de la oferta de servicios de Internet, telefon\u00eda fija y m\u00f3vil y televisi\u00f3n a los habitantes del pa\u00eds, a trav\u00e9s de los cable operadores<br \/>\ny prestadoras de servicio.<br \/>\nLa REFEFO fue concebida como una red multiprop\u00f3sito, que permita la conexi\u00f3n de instituciones p\u00fablicas as\u00ed como prestadoras de servicios<br \/>\nminoristas de telecomunicaciones y de servicios de comunicaci\u00f3n audiovisual. Tambi\u00e9n se expande el servicio de conectividad hacia las<br \/>\ndiferentes regiones del pa\u00eds para ofrecer ancho de banda a distintos proveedores de Internet, y se promueven las condiciones de creaci\u00f3n de<br \/>\nmercados competitivos que brinden servicios de calidad y buen precio a los usuarios de internet en todo el pa\u00eds.<br \/>\n\u201cLa habilitaci\u00f3n de este nodo es muy importante para la homogeneizaci\u00f3n de los derechos de acceso a los servicios de informaci\u00f3n y comunicaci\u00f3n<br \/>\nen distintas regiones del pa\u00eds\u201d, expres\u00f3 Cl\u00e9rici.<\/p>\n","protected":false},"excerpt":{"rendered":"<p>El acto fue encabezado por la intendenta Stella Cl\u00e9rici junto a representantes de la Autoridad Federal de Tecnolog\u00edas de la Informaci\u00f3n y ARSAT. Permitir\u00e1 la ampliaci\u00f3n de la oferta de servicios de Internet, telefon\u00eda fija y m\u00f3vil y televisi\u00f3n a los habitantes del pa\u00eds, a trav\u00e9s de los cable operadores y prestadoras de servicio. El <a href=\"https:\/\/armstrongyregion.com.ar\/diario\/habilitaron-el-nodo-canada-de-gomez-de-la-red-federal-de-fibra-optica\/\" title=\"Read more\" >&#8230;<\/a><\/p>\n","protected":false},"author":2,"featured_media":5001,"comment_status":"open","ping_status":"open","sticky":false,"template":"","format":"standard","meta":{"_jetpack_memberships_contains_paid_content":false,"footnotes":"","jetpack_publicize_message":"","jetpack_publicize_feature_enabled":true,"jetpack_social_post_already_shared":false,"jetpack_social_options":{"image_generator_settings":{"template":"highway","default_image_id":0,"enabled":false},"version":2}},"categories":[1,2,3],"tags":[163,19,16,2929,1033,164,3133,31,3134,1034,2669],"class_list":["post-5000","post","type-post","status-publish","format-standard","has-post-thumbnail","hentry","category-diario-armstrong","category-locales","category-region","tag-canada","tag-de","tag-el","tag-federal","tag-fibra","tag-gomez","tag-habilitaron","tag-la","tag-nodo","tag-optica","tag-red"],"jetpack_publicize_connections":[],"jetpack_featured_media_url":"https:\/\/armstrongyregion.com.ar\/diario\/wp-content\/uploads\/2015\/11\/IMG_0905.jpg","jetpack_shortlink":"https:\/\/wp.me\/p62QDO-1iE","jetpack_sharing_enabled":true,"amp_enabled":true,"_links":{"self":[{"href":"https:\/\/armstrongyregion.com.ar\/diario\/wp-json\/wp\/v2\/posts\/5000","targetHints":{"allow":["GET"]}}],"collection":[{"href":"https:\/\/armstrongyregion.com.ar\/diario\/wp-json\/wp\/v2\/posts"}],"about":[{"href":"https:\/\/armstrongyregion.com.ar\/diario\/wp-json\/wp\/v2\/types\/post"}],"author":[{"embeddable":true,"href":"https:\/\/armstrongyregion.com.ar\/diario\/wp-json\/wp\/v2\/users\/2"}],"replies":[{"embeddable":true,"href":"https:\/\/armstrongyregion.com.ar\/diario\/wp-json\/wp\/v2\/comments?post=5000"}],"version-history":[{"count":0,"href":"https:\/\/armstrongyregion.com.ar\/diario\/wp-json\/wp\/v2\/posts\/5000\/revisions"}],"wp:featuredmedia":[{"embeddable":true,"href":"https:\/\/armstrongyregion.com.ar\/diario\/wp-json\/wp\/v2\/media\/5001"}],"wp:attachment":[{"href":"https:\/\/armstrongyregion.com.ar\/diario\/wp-json\/wp\/v2\/media?parent=5000"}],"wp:term":[{"taxonomy":"category","embeddable":true,"href":"https:\/\/armstrongyregion.com.ar\/diario\/wp-json\/wp\/v2\/categories?post=5000"},{"taxonomy":"post_tag","embeddable":true,"href":"https:\/\/armstrongyregion.com.ar\/diario\/wp-json\/wp\/v2\/tags?post=5000"}],"curies":[{"name":"wp","href":"https:\/\/api.w.org\/{rel}","templated":true}]}}