{"id":4997,"date":"2015-11-14T22:08:24","date_gmt":"2015-11-14T22:08:24","guid":{"rendered":"https:\/\/armstrongyregion.com.ar\/diario\/?p=4997"},"modified":"2015-11-14T22:08:24","modified_gmt":"2015-11-14T22:08:24","slug":"semana-de-la-tradicion-fogon-criollo-en-el-tropero","status":"publish","type":"post","link":"https:\/\/armstrongyregion.com.ar\/diario\/semana-de-la-tradicion-fogon-criollo-en-el-tropero\/","title":{"rendered":"Semana de la Tradici\u00f3n, Fog\u00f3n Criollo en \u201cEl Tropero\u201d."},"content":{"rendered":"<p><a href=\"http:\/\/armstrongyregion.com.ar\/diario\/wp-content\/uploads\/2015\/11\/el-tropero.jpg\"><img loading=\"lazy\" decoding=\"async\" class=\"alignnone size-medium wp-image-4998\" src=\"http:\/\/armstrongyregion.com.ar\/diario\/wp-content\/uploads\/2015\/11\/el-tropero-300x225.jpg\" alt=\"el tropero\" width=\"300\" height=\"225\" srcset=\"https:\/\/armstrongyregion.com.ar\/diario\/wp-content\/uploads\/2015\/11\/el-tropero-300x225.jpg 300w, https:\/\/armstrongyregion.com.ar\/diario\/wp-content\/uploads\/2015\/11\/el-tropero.jpg 960w\" sizes=\"auto, (max-width: 300px) 100vw, 300px\" \/><\/a>Como estaba previsto, el d\u00eda viernes 13 de noviembre, a partir de las 20hs, en las instalaciones de \u201cEl Tropero\u201d se realiz\u00f3 el fog\u00f3n criollo, con canto y danzas donde participaron alumnos de escuelas locales.<\/p>\n<p>Dieron palabras de bienvenida y agradecimiento, el presidente de la Federaci\u00f3n Gaucha Santefesina Beto Aboledo \u00a0y luego el Intendente Municipal Dr. Pablo Verdecchia.<\/p>\n<p>Este a\u00f1o, la municipalidad de Armstrong junto a la Asociaci\u00f3n Civil El Tropero trabajaron en equipo invitando a toda la comunidad a participar de dichos festejos por el d\u00eda de la tradici\u00f3n. La cual se conmemora en nuestro pa\u00eds cada 10 de noviembre rememorando el nacimiento del poeta argentino Jos\u00e9 Hern\u00e1ndez (1834 &#8211; 1886), que escribi\u00f3, entre otros, el poema narrativo El gaucho Mart\u00edn Fierro.<\/p>\n<p>Fotografia, Jorge Oliva.<\/p>\n","protected":false},"excerpt":{"rendered":"<p>Como estaba previsto, el d\u00eda viernes 13 de noviembre, a partir de las 20hs, en las instalaciones de \u201cEl Tropero\u201d se realiz\u00f3 el fog\u00f3n criollo, con canto y danzas donde participaron alumnos de escuelas locales. Dieron palabras de bienvenida y agradecimiento, el presidente de la Federaci\u00f3n Gaucha Santefesina Beto Aboledo \u00a0y luego el Intendente Municipal <a href=\"https:\/\/armstrongyregion.com.ar\/diario\/semana-de-la-tradicion-fogon-criollo-en-el-tropero\/\" title=\"Read more\" >&#8230;<\/a><\/p>\n","protected":false},"author":2,"featured_media":4998,"comment_status":"open","ping_status":"open","sticky":false,"template":"","format":"standard","meta":{"_jetpack_memberships_contains_paid_content":false,"footnotes":"","jetpack_publicize_message":"","jetpack_publicize_feature_enabled":true,"jetpack_social_post_already_shared":false,"jetpack_social_options":{"image_generator_settings":{"template":"highway","default_image_id":0,"enabled":false},"version":2}},"categories":[6,1,2,3],"tags":[3131,19,16,15,3130,31,919,3108,3132],"class_list":["post-4997","post","type-post","status-publish","format-standard","has-post-thumbnail","hentry","category-cultura-entretenimiento","category-diario-armstrong","category-locales","category-region","tag-criollo","tag-de","tag-el","tag-en","tag-fogon","tag-la","tag-semana","tag-tradicion","tag-tropero"],"jetpack_publicize_connections":[],"jetpack_featured_media_url":"https:\/\/armstrongyregion.com.ar\/diario\/wp-content\/uploads\/2015\/11\/el-tropero.jpg","jetpack_shortlink":"https:\/\/wp.me\/p62QDO-1iB","jetpack_sharing_enabled":true,"amp_enabled":true,"_links":{"self":[{"href":"https:\/\/armstrongyregion.com.ar\/diario\/wp-json\/wp\/v2\/posts\/4997","targetHints":{"allow":["GET"]}}],"collection":[{"href":"https:\/\/armstrongyregion.com.ar\/diario\/wp-json\/wp\/v2\/posts"}],"about":[{"href":"https:\/\/armstrongyregion.com.ar\/diario\/wp-json\/wp\/v2\/types\/post"}],"author":[{"embeddable":true,"href":"https:\/\/armstrongyregion.com.ar\/diario\/wp-json\/wp\/v2\/users\/2"}],"replies":[{"embeddable":true,"href":"https:\/\/armstrongyregion.com.ar\/diario\/wp-json\/wp\/v2\/comments?post=4997"}],"version-history":[{"count":0,"href":"https:\/\/armstrongyregion.com.ar\/diario\/wp-json\/wp\/v2\/posts\/4997\/revisions"}],"wp:featuredmedia":[{"embeddable":true,"href":"https:\/\/armstrongyregion.com.ar\/diario\/wp-json\/wp\/v2\/media\/4998"}],"wp:attachment":[{"href":"https:\/\/armstrongyregion.com.ar\/diario\/wp-json\/wp\/v2\/media?parent=4997"}],"wp:term":[{"taxonomy":"category","embeddable":true,"href":"https:\/\/armstrongyregion.com.ar\/diario\/wp-json\/wp\/v2\/categories?post=4997"},{"taxonomy":"post_tag","embeddable":true,"href":"https:\/\/armstrongyregion.com.ar\/diario\/wp-json\/wp\/v2\/tags?post=4997"}],"curies":[{"name":"wp","href":"https:\/\/api.w.org\/{rel}","templated":true}]}}