{"id":4992,"date":"2015-11-13T14:29:10","date_gmt":"2015-11-13T14:29:10","guid":{"rendered":"https:\/\/armstrongyregion.com.ar\/diario\/?p=4992"},"modified":"2015-11-13T14:29:10","modified_gmt":"2015-11-13T14:29:10","slug":"presentacion-oficial-de-armstrong-tierra-mia","status":"publish","type":"post","link":"https:\/\/armstrongyregion.com.ar\/diario\/presentacion-oficial-de-armstrong-tierra-mia\/","title":{"rendered":"Presentaci\u00f3n oficial de \u201cArmstrong Tierra M\u00eda\u201d."},"content":{"rendered":"<p><a href=\"http:\/\/armstrongyregion.com.ar\/diario\/wp-content\/uploads\/2015\/11\/DSC_1210.jpg\"><img loading=\"lazy\" decoding=\"async\" class=\"alignnone size-medium wp-image-4993\" src=\"http:\/\/armstrongyregion.com.ar\/diario\/wp-content\/uploads\/2015\/11\/DSC_1210-300x200.jpg\" alt=\"Armstrong_Tierra_Mia\" width=\"300\" height=\"200\" srcset=\"https:\/\/armstrongyregion.com.ar\/diario\/wp-content\/uploads\/2015\/11\/DSC_1210-300x200.jpg 300w, https:\/\/armstrongyregion.com.ar\/diario\/wp-content\/uploads\/2015\/11\/DSC_1210-1024x683.jpg 1024w\" sizes=\"auto, (max-width: 300px) 100vw, 300px\" \/><\/a>El jueves 12 de noviembre en el sal\u00f3n auditorio Delmo Dar\u00f3 se realiz\u00f3 la presentaci\u00f3n oficial de la fiesta \u201cArmstrong Tierra M\u00eda\u201d con motivo de los 133 a\u00f1os que cumplir\u00e1 nuestra ciudad el pr\u00f3ximo 14 de diciembre.<br \/>\nEl Intendente Dr. Pablo Verdecchia personalmente hizo la invitaci\u00f3n para que cada uno de los ciudadanos participe de la misma desde su lugar y se sume a la programaci\u00f3n establecida para los d\u00edas 12 y 13 de diciembre en Plaza San Mart\u00edn.<br \/>\nLuego, la Secretaria de Coordinaci\u00f3n de Gabinete a cargo de las actividades de la Secretar\u00eda de Educaci\u00f3n, Cultura y Deporte Prof. Rosana Siri hizo menci\u00f3n de todas las actividades contempladas para estos festejos.<br \/>\nAcompa\u00f1aron el momento la Reina Institucional Armstrong 2014 Srta. Aldana Guti\u00e9rrez y Miss Simpat\u00eda 2014 Srta. Magdalena Montapponi.<br \/>\nEl detalle de la programaci\u00f3n es el siguiente:<\/p>\n<p>S\u00e1bado 12 de diciembre:<br \/>\nDesde las 20:30 hs. N\u00fameros art\u00edsticos en Plaza San Mart\u00edn con las actuaciones de:<br \/>\nBanda Infanto Juvenil Municipal (Dirigen Maestros Sebasti\u00e1n Tesei-Gabriel Alustiza)<br \/>\nCoro Infanto Juvenil Municipal (Dirige Prof. Ramiro Migliosi)<br \/>\nTaller Municipal de Danzas \u00e1rabes (DirigeProf. Faty Ay\u00fan)<br \/>\nTaller Municipal de Acrobacias en telas (Dirige Prof. Dana Cuello)<br \/>\nGrupo de Danzas Latinoamericanas Warmi (Dirige Prof. Soledad G\u00f3mez)<br \/>\nTaller de folclore para adultos del El Tropero (Dirigen Prof. Mauricio Verstraete- Ivana Cicoccioppo)<br \/>\nEnsamble Municipal \u201cEnzo Vacchino\u201d (Dirige Maestro Gabriel Alustiza)<br \/>\nGrupo de Danzas Bemba Color\u00e1 (Dirige Prof. Mauricio Verstraete)<br \/>\nFuelles Correntinos<br \/>\nGrupo de Danzas folcl\u00f3ricas Francisco Maldonado (Dirige Prof. Francisco Maldonado)<br \/>\nOZME-GM (Cristian Medina)<br \/>\nR\u00e9lax (Banda Tributo a Virus)<br \/>\nPresentaci\u00f3n de las candidatas a Reina Institucional Armstrong 2015<br \/>\nDomingo 13 de diciembre:<br \/>\n19:30 hs. Desfile de la comunidad, desde Plaza Flotron<br \/>\nEn los escenarios de Plaza San Mart\u00edn:<br \/>\nCoro Municipal \u201cVoces al Viento\u201d (Dirige Prof. Rosita Demar\u00eda)<br \/>\nPresencia de Reinas invitadas<br \/>\nPresentaci\u00f3n tem\u00e1tica de la fiesta con grupos de danzas bajo la direcci\u00f3n del Prof. Mauricio Verstraete<br \/>\nSe entregar\u00e1n los certificados y los presentes por la convocatoria \u201cArmstrong Tierra M\u00eda\u201d y el reconocimiento al Deportista Destacado 2015.<br \/>\nTaller Municipal de Danzas Cl\u00e1sicas (Dirige Prof. Virginia De Bonis)<br \/>\nTaller Municipal de Flamenco (Dirige Prof. Marina Aguirre)<br \/>\nTaller de folclore para ni\u00f1os de El Tropero (Dirigidos por Alejandra Cabrera-Franco Ariza)<br \/>\nOZME- GM (Cristian Medina)<br \/>\nMilenio (Banda tributo a Soda St\u00e9reo)<br \/>\nElecci\u00f3n y Coronaci\u00f3n de la Reina 2015<br \/>\nBanda XXI<br \/>\nDurante los 2 d\u00edas se podr\u00e1 apreciar la creatividad de microemprendedores junto a Sabores y Colores Locales con distintas propuestas; se desarrollar\u00e1 la 5\u00b0 Feria Nacional de Artesanos, con m\u00e1s de 40 inscriptos de diferentes provincias; y la muestra est\u00e1tica de maquinaria agr\u00edcola denominada \u201cM\u00e1quinas e Industrias desde Armstrong al Pa\u00eds y al Mundo\u201d; se ofrecer\u00e1 servicio de buffet a cargo los clubes Norte, Defensores, Barraca, Hurac\u00e1n, Estudiantes, y del Conservatorio de M\u00fasica.<\/p>\n<p>\u201cArmstrong Tierra M\u00eda\u201d nos convoca a todos para repasar el pasado y reconocer el presente, con una comunidad que crece d\u00eda a d\u00eda con los valores y los ideales marcando un camino. \u201cArmstrong Tierra M\u00eda\u201d nos propone conocernos, reconocernos y valorarnos a cada uno de nosotros desde el lugar que a diario seguimos eligiendo y en cada una de nuestras actividades. Los esperamos para festejar los 133 a\u00f1os de historia: s\u00e1bado 12 y domingo 13 de diciembre en Plaza San Mart\u00edn, estamos todos invitados.<\/p>\n","protected":false},"excerpt":{"rendered":"<p>El jueves 12 de noviembre en el sal\u00f3n auditorio Delmo Dar\u00f3 se realiz\u00f3 la presentaci\u00f3n oficial de la fiesta \u201cArmstrong Tierra M\u00eda\u201d con motivo de los 133 a\u00f1os que cumplir\u00e1 nuestra ciudad el pr\u00f3ximo 14 de diciembre. El Intendente Dr. Pablo Verdecchia personalmente hizo la invitaci\u00f3n para que cada uno de los ciudadanos participe de <a href=\"https:\/\/armstrongyregion.com.ar\/diario\/presentacion-oficial-de-armstrong-tierra-mia\/\" title=\"Read more\" >&#8230;<\/a><\/p>\n","protected":false},"author":2,"featured_media":4993,"comment_status":"open","ping_status":"open","sticky":false,"template":"","format":"standard","meta":{"_jetpack_memberships_contains_paid_content":false,"footnotes":"","jetpack_publicize_message":"","jetpack_publicize_feature_enabled":true,"jetpack_social_post_already_shared":false,"jetpack_social_options":{"image_generator_settings":{"template":"highway","default_image_id":0,"enabled":false},"version":2}},"categories":[6,1,2,3],"tags":[20,19,3129,937,581,1763],"class_list":["post-4992","post","type-post","status-publish","format-standard","has-post-thumbnail","hentry","category-cultura-entretenimiento","category-diario-armstrong","category-locales","category-region","tag-armstrong","tag-de","tag-mia","tag-oficial","tag-presentacion","tag-tierra"],"jetpack_publicize_connections":[],"jetpack_featured_media_url":"https:\/\/armstrongyregion.com.ar\/diario\/wp-content\/uploads\/2015\/11\/DSC_1210.jpg","jetpack_shortlink":"https:\/\/wp.me\/p62QDO-1iw","jetpack_sharing_enabled":true,"amp_enabled":true,"_links":{"self":[{"href":"https:\/\/armstrongyregion.com.ar\/diario\/wp-json\/wp\/v2\/posts\/4992","targetHints":{"allow":["GET"]}}],"collection":[{"href":"https:\/\/armstrongyregion.com.ar\/diario\/wp-json\/wp\/v2\/posts"}],"about":[{"href":"https:\/\/armstrongyregion.com.ar\/diario\/wp-json\/wp\/v2\/types\/post"}],"author":[{"embeddable":true,"href":"https:\/\/armstrongyregion.com.ar\/diario\/wp-json\/wp\/v2\/users\/2"}],"replies":[{"embeddable":true,"href":"https:\/\/armstrongyregion.com.ar\/diario\/wp-json\/wp\/v2\/comments?post=4992"}],"version-history":[{"count":0,"href":"https:\/\/armstrongyregion.com.ar\/diario\/wp-json\/wp\/v2\/posts\/4992\/revisions"}],"wp:featuredmedia":[{"embeddable":true,"href":"https:\/\/armstrongyregion.com.ar\/diario\/wp-json\/wp\/v2\/media\/4993"}],"wp:attachment":[{"href":"https:\/\/armstrongyregion.com.ar\/diario\/wp-json\/wp\/v2\/media?parent=4992"}],"wp:term":[{"taxonomy":"category","embeddable":true,"href":"https:\/\/armstrongyregion.com.ar\/diario\/wp-json\/wp\/v2\/categories?post=4992"},{"taxonomy":"post_tag","embeddable":true,"href":"https:\/\/armstrongyregion.com.ar\/diario\/wp-json\/wp\/v2\/tags?post=4992"}],"curies":[{"name":"wp","href":"https:\/\/api.w.org\/{rel}","templated":true}]}}