{"id":4989,"date":"2015-11-13T14:12:31","date_gmt":"2015-11-13T14:12:31","guid":{"rendered":"https:\/\/armstrongyregion.com.ar\/diario\/?p=4989"},"modified":"2015-11-13T14:12:31","modified_gmt":"2015-11-13T14:12:31","slug":"diego-mansilla-se-reunio-con-emprendedores-beneficiados-por-el-capital-semilla","status":"publish","type":"post","link":"https:\/\/armstrongyregion.com.ar\/diario\/diego-mansilla-se-reunio-con-emprendedores-beneficiados-por-el-capital-semilla\/","title":{"rendered":"Diego Mansilla se reuni\u00f3 con emprendedores beneficiados por el Capital Semilla."},"content":{"rendered":"<p><a href=\"http:\/\/armstrongyregion.com.ar\/diario\/wp-content\/uploads\/2015\/11\/diego-mansilla-con-emprendedores-1.jpg\"><img loading=\"lazy\" decoding=\"async\" class=\"alignnone size-medium wp-image-4990\" src=\"http:\/\/armstrongyregion.com.ar\/diario\/wp-content\/uploads\/2015\/11\/diego-mansilla-con-emprendedores-1-300x169.jpg\" alt=\"diego mansilla con emprendedores (1)\" width=\"300\" height=\"169\" srcset=\"https:\/\/armstrongyregion.com.ar\/diario\/wp-content\/uploads\/2015\/11\/diego-mansilla-con-emprendedores-1-300x169.jpg 300w, https:\/\/armstrongyregion.com.ar\/diario\/wp-content\/uploads\/2015\/11\/diego-mansilla-con-emprendedores-1.jpg 768w\" sizes=\"auto, (max-width: 300px) 100vw, 300px\" \/><\/a>\u201cTenemos que decidir si seguimos con el verdadero cambio o si retrocedemos al 2001\u201d<\/p>\n<p>El intendente de Las Parejas y parlamentario del Mercosur electo, Diego Mansilla, se reuni\u00f3 con emprendedores beneficiarios del Programa Capital Semilla, en cuyo marco recibieron financiamiento para desarrollar proyectos productivos. \u201cEste es otro programa que forma parte de las pol\u00edticas de Estado que apuntalan el crecimiento industrial, generador de mano de obra directa y fortalecedor de econom\u00edas regionales como la de toda nuestra zona, donde pudimos pasar de la desocupaci\u00f3n y la desesperanza a la creaci\u00f3n de trabajo, a la diversificaci\u00f3n productiva, al desarrollo tecnol\u00f3gico, al agregado de valor\u201d, destac\u00f3 Mansilla.<br \/>\n\u201cEl 22 de noviembre tenemos que decidir si el verdadero cambio que iniciamos en el 2003 contin\u00faa y nos garantiza seguir avanzando, cuidando lo logrado y mejorando lo que hay que mejorar, con Daniel Scioli y Carlos Zannini; o si retrocedemos al 2001 volviendo a dejar el gobierno en manos de una alianza que representa las pol\u00edticas de devaluaci\u00f3n de la moneda, de apertura de las importaciones y destrucci\u00f3n de la industria, el empleo, el salario, el consumo y el mercado interno\u201d, dijo tambi\u00e9n el intendente de Las Parejas, quien junto con su sucesor electo, Horacio Compagnucci y Fabi\u00e1n Mascheroni se reuni\u00f3 con los beneficiarios del Capital Semilla que pondr\u00e1n en marcha sus emprendimientos de fabricaci\u00f3n de aberturas de aluminio, desarrollo de motores, silenciadores de ca\u00f1os de escapes, piezas de fundici\u00f3n, maquinaria perforadora de aberturas, fabricaci\u00f3n de aparejos, bobinados de motores el\u00e9ctricos, fabricaci\u00f3n de trailers y adaptaci\u00f3n para bicimotos.<br \/>\n\u201cPara estos emprendimientos en Las Parejas se han otorgado m\u00e1s de 500 mil pesos. Y en toda la provincia el monto supera los cuatro millones. Esto se suma a la enorme inversi\u00f3n en el desarrollo industrial que se viene dando constantemente, desde el inicio de esta etapa de transformaci\u00f3n, a trav\u00e9s de programas y pol\u00edticas p\u00fablicas cuyos resultados se pueden apreciar en todo el territorio santafesino y todo el pa\u00eds\u201d, resalt\u00f3 Mansilla.<\/p>\n","protected":false},"excerpt":{"rendered":"<p>\u201cTenemos que decidir si seguimos con el verdadero cambio o si retrocedemos al 2001\u201d El intendente de Las Parejas y parlamentario del Mercosur electo, Diego Mansilla, se reuni\u00f3 con emprendedores beneficiarios del Programa Capital Semilla, en cuyo marco recibieron financiamiento para desarrollar proyectos productivos. \u201cEste es otro programa que forma parte de las pol\u00edticas de <a href=\"https:\/\/armstrongyregion.com.ar\/diario\/diego-mansilla-se-reunio-con-emprendedores-beneficiados-por-el-capital-semilla\/\" title=\"Read more\" >&#8230;<\/a><\/p>\n","protected":false},"author":2,"featured_media":4990,"comment_status":"open","ping_status":"open","sticky":false,"template":"","format":"standard","meta":{"_jetpack_memberships_contains_paid_content":false,"footnotes":"","jetpack_publicize_message":"","jetpack_publicize_feature_enabled":true,"jetpack_social_post_already_shared":false,"jetpack_social_options":{"image_generator_settings":{"template":"highway","default_image_id":0,"enabled":false},"version":2}},"categories":[1,7,3],"tags":[3126,3127,100,990,16,392,991,60,343,86,3128],"class_list":["post-4989","post","type-post","status-publish","format-standard","has-post-thumbnail","hentry","category-diario-armstrong","category-politica","category-region","tag-beneficiados","tag-capital","tag-con","tag-diego","tag-el","tag-emprendedores","tag-mansilla","tag-por","tag-reunio","tag-se","tag-semilla"],"jetpack_publicize_connections":[],"jetpack_featured_media_url":"https:\/\/armstrongyregion.com.ar\/diario\/wp-content\/uploads\/2015\/11\/diego-mansilla-con-emprendedores-1.jpg","jetpack_shortlink":"https:\/\/wp.me\/p62QDO-1it","jetpack_sharing_enabled":true,"amp_enabled":true,"_links":{"self":[{"href":"https:\/\/armstrongyregion.com.ar\/diario\/wp-json\/wp\/v2\/posts\/4989","targetHints":{"allow":["GET"]}}],"collection":[{"href":"https:\/\/armstrongyregion.com.ar\/diario\/wp-json\/wp\/v2\/posts"}],"about":[{"href":"https:\/\/armstrongyregion.com.ar\/diario\/wp-json\/wp\/v2\/types\/post"}],"author":[{"embeddable":true,"href":"https:\/\/armstrongyregion.com.ar\/diario\/wp-json\/wp\/v2\/users\/2"}],"replies":[{"embeddable":true,"href":"https:\/\/armstrongyregion.com.ar\/diario\/wp-json\/wp\/v2\/comments?post=4989"}],"version-history":[{"count":0,"href":"https:\/\/armstrongyregion.com.ar\/diario\/wp-json\/wp\/v2\/posts\/4989\/revisions"}],"wp:featuredmedia":[{"embeddable":true,"href":"https:\/\/armstrongyregion.com.ar\/diario\/wp-json\/wp\/v2\/media\/4990"}],"wp:attachment":[{"href":"https:\/\/armstrongyregion.com.ar\/diario\/wp-json\/wp\/v2\/media?parent=4989"}],"wp:term":[{"taxonomy":"category","embeddable":true,"href":"https:\/\/armstrongyregion.com.ar\/diario\/wp-json\/wp\/v2\/categories?post=4989"},{"taxonomy":"post_tag","embeddable":true,"href":"https:\/\/armstrongyregion.com.ar\/diario\/wp-json\/wp\/v2\/tags?post=4989"}],"curies":[{"name":"wp","href":"https:\/\/api.w.org\/{rel}","templated":true}]}}