{"id":4986,"date":"2015-11-13T14:06:59","date_gmt":"2015-11-13T14:06:59","guid":{"rendered":"https:\/\/armstrongyregion.com.ar\/diario\/?p=4986"},"modified":"2015-11-13T14:06:59","modified_gmt":"2015-11-13T14:06:59","slug":"montes-de-oca-novedades-en-el-presunto-abuso-a-menor-discapacitada","status":"publish","type":"post","link":"https:\/\/armstrongyregion.com.ar\/diario\/montes-de-oca-novedades-en-el-presunto-abuso-a-menor-discapacitada\/","title":{"rendered":"Montes de Oca: novedades en el presunto abuso a menor discapacitada."},"content":{"rendered":"<p><a href=\"http:\/\/armstrongyregion.com.ar\/diario\/wp-content\/uploads\/2015\/11\/montes_de_oca2.jpg\"><img loading=\"lazy\" decoding=\"async\" class=\"alignnone size-medium wp-image-4987\" src=\"http:\/\/armstrongyregion.com.ar\/diario\/wp-content\/uploads\/2015\/11\/montes_de_oca2-300x225.jpg\" alt=\"montes_de_oca\" width=\"300\" height=\"225\" srcset=\"https:\/\/armstrongyregion.com.ar\/diario\/wp-content\/uploads\/2015\/11\/montes_de_oca2-300x225.jpg 300w, https:\/\/armstrongyregion.com.ar\/diario\/wp-content\/uploads\/2015\/11\/montes_de_oca2.jpg 625w\" sizes=\"auto, (max-width: 300px) 100vw, 300px\" \/><\/a>El presunto autor de un abuso a una menor discapacitada en Montes de Oca fue liberado mientras sigue el proceso judicial en su contra. Hablamos con la Unidad Regional III de Las Rosas sobre el caso.<br \/>\nLorena Blanco, desde la Oficina de Prensa de la Unidad Regional III de Las Rosas, nos inform\u00f3 que sobre el caso de presunto abuso contra una menor con S\u00edndrome de Down de Montes de Oca, se sabe que luego de haberse procedido a su detenci\u00f3n el pasado martes, la Jueza decidi\u00f3 que el sujeto quedara en libertad.<\/p>\n<p>Mientras tanto, m\u00e1s all\u00e1 de su liberaci\u00f3n, contin\u00faa el juicio imputativo por parte de la Justicia, m\u00e1s precisamente de la Fiscal\u00eda que est\u00e1 recolectando todas las pruebas y pretenden apelar al estado de libertad en que ha quedado el presunto responsable.<br \/>\nContacto Radio 100.9.<\/p>\n","protected":false},"excerpt":{"rendered":"<p>El presunto autor de un abuso a una menor discapacitada en Montes de Oca fue liberado mientras sigue el proceso judicial en su contra. Hablamos con la Unidad Regional III de Las Rosas sobre el caso. Lorena Blanco, desde la Oficina de Prensa de la Unidad Regional III de Las Rosas, nos inform\u00f3 que sobre <a href=\"https:\/\/armstrongyregion.com.ar\/diario\/montes-de-oca-novedades-en-el-presunto-abuso-a-menor-discapacitada\/\" title=\"Read more\" >&#8230;<\/a><\/p>\n","protected":false},"author":2,"featured_media":4987,"comment_status":"open","ping_status":"open","sticky":false,"template":"","format":"standard","meta":{"_jetpack_memberships_contains_paid_content":false,"footnotes":"","jetpack_publicize_message":"","jetpack_publicize_feature_enabled":true,"jetpack_social_post_already_shared":false,"jetpack_social_options":{"image_generator_settings":{"template":"highway","default_image_id":0,"enabled":false},"version":2}},"categories":[1,2852,3],"tags":[33,1531,19,3125,16,15,1471,557,2169,558,3124],"class_list":["post-4986","post","type-post","status-publish","format-standard","has-post-thumbnail","hentry","category-diario-armstrong","category-policiales","category-region","tag-a","tag-abuso","tag-de","tag-discapacitada","tag-el","tag-en","tag-menor","tag-montes","tag-novedades","tag-oca","tag-presunto"],"jetpack_publicize_connections":[],"jetpack_featured_media_url":"https:\/\/armstrongyregion.com.ar\/diario\/wp-content\/uploads\/2015\/11\/montes_de_oca2.jpg","jetpack_shortlink":"https:\/\/wp.me\/p62QDO-1iq","jetpack_sharing_enabled":true,"amp_enabled":true,"_links":{"self":[{"href":"https:\/\/armstrongyregion.com.ar\/diario\/wp-json\/wp\/v2\/posts\/4986","targetHints":{"allow":["GET"]}}],"collection":[{"href":"https:\/\/armstrongyregion.com.ar\/diario\/wp-json\/wp\/v2\/posts"}],"about":[{"href":"https:\/\/armstrongyregion.com.ar\/diario\/wp-json\/wp\/v2\/types\/post"}],"author":[{"embeddable":true,"href":"https:\/\/armstrongyregion.com.ar\/diario\/wp-json\/wp\/v2\/users\/2"}],"replies":[{"embeddable":true,"href":"https:\/\/armstrongyregion.com.ar\/diario\/wp-json\/wp\/v2\/comments?post=4986"}],"version-history":[{"count":0,"href":"https:\/\/armstrongyregion.com.ar\/diario\/wp-json\/wp\/v2\/posts\/4986\/revisions"}],"wp:featuredmedia":[{"embeddable":true,"href":"https:\/\/armstrongyregion.com.ar\/diario\/wp-json\/wp\/v2\/media\/4987"}],"wp:attachment":[{"href":"https:\/\/armstrongyregion.com.ar\/diario\/wp-json\/wp\/v2\/media?parent=4986"}],"wp:term":[{"taxonomy":"category","embeddable":true,"href":"https:\/\/armstrongyregion.com.ar\/diario\/wp-json\/wp\/v2\/categories?post=4986"},{"taxonomy":"post_tag","embeddable":true,"href":"https:\/\/armstrongyregion.com.ar\/diario\/wp-json\/wp\/v2\/tags?post=4986"}],"curies":[{"name":"wp","href":"https:\/\/api.w.org\/{rel}","templated":true}]}}