{"id":4965,"date":"2015-11-12T10:55:10","date_gmt":"2015-11-12T10:55:10","guid":{"rendered":"https:\/\/armstrongyregion.com.ar\/diario\/?p=4965"},"modified":"2015-11-12T10:55:10","modified_gmt":"2015-11-12T10:55:10","slug":"es-una-tipica-tormenta-de-verano-con-viento-granizo-y-agua","status":"publish","type":"post","link":"https:\/\/armstrongyregion.com.ar\/diario\/es-una-tipica-tormenta-de-verano-con-viento-granizo-y-agua\/","title":{"rendered":"\u00abEs una t\u00edpica tormenta de verano, con viento, granizo y agua\u201d"},"content":{"rendered":"<p><a href=\"http:\/\/armstrongyregion.com.ar\/diario\/wp-content\/uploads\/2015\/11\/golondrinas.jpg_1572130063.jpg\"><img loading=\"lazy\" decoding=\"async\" class=\"alignnone size-medium wp-image-4966\" src=\"http:\/\/armstrongyregion.com.ar\/diario\/wp-content\/uploads\/2015\/11\/golondrinas.jpg_1572130063-300x169.jpg\" alt=\"golondrinas\" width=\"300\" height=\"169\" srcset=\"https:\/\/armstrongyregion.com.ar\/diario\/wp-content\/uploads\/2015\/11\/golondrinas.jpg_1572130063-300x169.jpg 300w, https:\/\/armstrongyregion.com.ar\/diario\/wp-content\/uploads\/2015\/11\/golondrinas.jpg_1572130063.jpg 760w\" sizes=\"auto, (max-width: 300px) 100vw, 300px\" \/><\/a>Un alerta por lluvias intensas y ca\u00edda de granizo para la regi\u00f3n se extiende hasta las 9. El cielito amaneci\u00f3 algo gris y cerca de las 6.30 empez\u00f3 a llover en varios lugares de la zona. La meteor\u00f3loga Vanesa Balchunas anticip\u00f3 lo que viene.<\/p>\n<p>Un alerta meteorol\u00f3gico rige hasta las 9 de este jueves sobre el sur santafesino, noroeste de Buenos Aires, C\u00f3rdoba, oeste y noroeste de La Pampa, sur de la Rioja, sur, centro y noreste de Mendoza, norte de R\u00edo Negro, este de San Juan y San Luis.<\/p>\n<p>Seg\u00fan indica el Servicio Meteorol\u00f3gico Nacional (SMN) en la zona se podr\u00edan desatar tormentas de \u201cintensidad fuerte o severa, provocando fuerte actividad el\u00e9ctrica, abundante ca\u00edda de agua en cortos per\u00edodos de tiempo, r\u00e1fagas y ca\u00edda de granizo. Algunos sectores de la regi\u00f3n podr\u00edan acumularse lluvias totales entre 40 y 80 mil\u00edmetros y, de forma puntual, acumulados superiores\u201d.<\/p>\n<p>Durante la ma\u00f1ana, se anuncia la presencia de neblinas y nubosidad en aumento. \u201cProbabilidad de chaparrones y tormentas, algunas fuertes\u201d, sostiene el pron\u00f3stico Se esperan mejoras y un term\u00f3metro que podr\u00eda trepar a los 26 grados de m\u00e1xima.<\/p>\n<p>La mete\u00f3rologa Vanesa Balchunas confirm\u00f3 en Radi\u00f3polis (Radio 2) que el fen\u00f3meno \u201cse arm\u00f3 sobre la noche, es una t\u00edpica tormenta de verano, con r\u00e1fagas de viento, granizo y agua\u201d. Seg\u00fan explic\u00f3, la situaci\u00f3n se mantiene durante la ma\u00f1ana pero el mediod\u00eda llegar\u00eda m\u00e1s tranquilo. Sin embargo, una nueva tormenta est\u00e1 prevista para la tarde.<\/p>\n<p>\u201cSe va a ir armando y rearmando la actividad el\u00e9ctrica \u2013indic\u00f3 y no descart\u00f3 que caiga granizo\u2013con un descenso de temperatura de golpe. Despu\u00e9s se retoma a la tarde, con las mismas caracter\u00edsticas pero esta vez con el ingreso de aire fr\u00edo\u201d, precis\u00f3.<\/p>\n<p>Despu\u00e9s vendr\u00e1 la calma. Balchunas anticip\u00f3 que este viernes y el fin de semana ser\u00e1n d\u00edas \u201cagradables con temperaturas de m\u00e1s de 32 grados\u201d.<br \/>\nRosario3.com<\/p>\n","protected":false},"excerpt":{"rendered":"<p>Un alerta por lluvias intensas y ca\u00edda de granizo para la regi\u00f3n se extiende hasta las 9. El cielito amaneci\u00f3 algo gris y cerca de las 6.30 empez\u00f3 a llover en varios lugares de la zona. La meteor\u00f3loga Vanesa Balchunas anticip\u00f3 lo que viene. Un alerta meteorol\u00f3gico rige hasta las 9 de este jueves sobre <a href=\"https:\/\/armstrongyregion.com.ar\/diario\/es-una-tipica-tormenta-de-verano-con-viento-granizo-y-agua\/\" title=\"Read more\" >&#8230;<\/a><\/p>\n","protected":false},"author":2,"featured_media":4966,"comment_status":"open","ping_status":"open","sticky":false,"template":"","format":"standard","meta":{"_jetpack_memberships_contains_paid_content":false,"footnotes":"","jetpack_publicize_message":"","jetpack_publicize_feature_enabled":true,"jetpack_social_post_already_shared":false,"jetpack_social_options":{"image_generator_settings":{"template":"highway","default_image_id":0,"enabled":false},"version":2}},"categories":[1,2,3],"tags":[780,100,19,139,3118,3116,3117,103,264,921,13],"class_list":["post-4965","post","type-post","status-publish","format-standard","has-post-thumbnail","hentry","category-diario-armstrong","category-locales","category-region","tag-agua","tag-con","tag-de","tag-es","tag-granizo","tag-tipica","tag-tormenta","tag-una","tag-verano","tag-viento","tag-y"],"jetpack_publicize_connections":[],"jetpack_featured_media_url":"https:\/\/armstrongyregion.com.ar\/diario\/wp-content\/uploads\/2015\/11\/golondrinas.jpg_1572130063.jpg","jetpack_shortlink":"https:\/\/wp.me\/p62QDO-1i5","jetpack_sharing_enabled":true,"amp_enabled":true,"_links":{"self":[{"href":"https:\/\/armstrongyregion.com.ar\/diario\/wp-json\/wp\/v2\/posts\/4965","targetHints":{"allow":["GET"]}}],"collection":[{"href":"https:\/\/armstrongyregion.com.ar\/diario\/wp-json\/wp\/v2\/posts"}],"about":[{"href":"https:\/\/armstrongyregion.com.ar\/diario\/wp-json\/wp\/v2\/types\/post"}],"author":[{"embeddable":true,"href":"https:\/\/armstrongyregion.com.ar\/diario\/wp-json\/wp\/v2\/users\/2"}],"replies":[{"embeddable":true,"href":"https:\/\/armstrongyregion.com.ar\/diario\/wp-json\/wp\/v2\/comments?post=4965"}],"version-history":[{"count":0,"href":"https:\/\/armstrongyregion.com.ar\/diario\/wp-json\/wp\/v2\/posts\/4965\/revisions"}],"wp:featuredmedia":[{"embeddable":true,"href":"https:\/\/armstrongyregion.com.ar\/diario\/wp-json\/wp\/v2\/media\/4966"}],"wp:attachment":[{"href":"https:\/\/armstrongyregion.com.ar\/diario\/wp-json\/wp\/v2\/media?parent=4965"}],"wp:term":[{"taxonomy":"category","embeddable":true,"href":"https:\/\/armstrongyregion.com.ar\/diario\/wp-json\/wp\/v2\/categories?post=4965"},{"taxonomy":"post_tag","embeddable":true,"href":"https:\/\/armstrongyregion.com.ar\/diario\/wp-json\/wp\/v2\/tags?post=4965"}],"curies":[{"name":"wp","href":"https:\/\/api.w.org\/{rel}","templated":true}]}}