{"id":4947,"date":"2015-11-11T11:11:43","date_gmt":"2015-11-11T11:11:43","guid":{"rendered":"https:\/\/armstrongyregion.com.ar\/diario\/?p=4947"},"modified":"2015-11-11T11:11:43","modified_gmt":"2015-11-11T11:11:43","slug":"el-22-de-noviembre-la-esperanza-le-va-a-ganar-al-miedo","status":"publish","type":"post","link":"https:\/\/armstrongyregion.com.ar\/diario\/el-22-de-noviembre-la-esperanza-le-va-a-ganar-al-miedo\/","title":{"rendered":"\u201cEl 22 de noviembre la esperanza le va a ganar al miedo\u00bb"},"content":{"rendered":"<p><a href=\"http:\/\/armstrongyregion.com.ar\/diario\/wp-content\/uploads\/2015\/11\/ae07e0f8-ea5d-4eff-a759-d0264a1cb208.jpg\"><img loading=\"lazy\" decoding=\"async\" class=\"alignnone size-medium wp-image-4948\" src=\"http:\/\/armstrongyregion.com.ar\/diario\/wp-content\/uploads\/2015\/11\/ae07e0f8-ea5d-4eff-a759-d0264a1cb208-300x195.jpg\" alt=\"Macri-Verdecchia-\" width=\"300\" height=\"195\" srcset=\"https:\/\/armstrongyregion.com.ar\/diario\/wp-content\/uploads\/2015\/11\/ae07e0f8-ea5d-4eff-a759-d0264a1cb208-300x195.jpg 300w, https:\/\/armstrongyregion.com.ar\/diario\/wp-content\/uploads\/2015\/11\/ae07e0f8-ea5d-4eff-a759-d0264a1cb208-1024x666.jpg 1024w\" sizes=\"auto, (max-width: 300px) 100vw, 300px\" \/><\/a>As\u00ed lo afirm\u00f3 Jos\u00e9 Corral, al recibir como presidente del Foro de Intendentes Radicales a los principales dirigentes y autoridades del radicalismo de todo el pa\u00eds, que se reunieron hoy en la ciudad de Santa Fe. En el encuentro, gobernadores, senadores, diputados e intendentes electos, dieron su respaldo a la f\u00f3rmula de Cambiemos de cara al balotaje del 22 de noviembre. Por su parte, el candidato a presidente de la Naci\u00f3n, Mauricio Macri, brind\u00f3 una conferencia de prensa donde repas\u00f3 sus propuestas de gobierno y tuvo luego a su cargo el cierre de la jornada. \u201cEstamos muy cerca de empezar a construir el camino del progreso\u201d con un \u201cEstado presente en serio y no un Estado al servicio de la pol\u00edtica\u201d, asegur\u00f3.<\/p>\n<p>Los Salones del Puerto del Dique II fueron el escenario del encuentro del Foro Nacional de Intendentes Radicales que reuni\u00f3 a intendentes y gobernadores electos de la Uni\u00f3n C\u00edvica Radical (UCR) de todo el pa\u00eds, y cont\u00f3 con la participaci\u00f3n del candidato a presidente de la Naci\u00f3n del frente Cambiemos, Mauricio Macri. Este momento fue la oportunidad para refrendar el respaldo a la f\u00f3rmula que lidera el actual jefe de gobierno porte\u00f1o de cara al balotaje del 22 de noviembre.<\/p>\n<p>La apertura estuvo encabezada por el intendente Jos\u00e9 Corral y presidente del Foro de Intendentes Radicales; el presidente de la UCR a nivel nacional, Ernesto Sanz; el presidente del Comit\u00e9 provincial de la UCR de Santa Fe, Mario Barletta; los gobernadores electos de la UCR de Jujuy, Gerardo Morales, y de Corrientes, Ricardo Colombi; y por el pr\u00f3ximo vicegobernador de Buenos Aires, Daniel Salvador, que integr\u00f3 la f\u00f3rmula por Cambiemos junto a Mar\u00eda Eugenia Vidal.<br \/>\nJunto a autoridades partidarias, legisladores nacionales y provinciales, se hicieron presentes m\u00e1s de 200 intendentes radicales de diferentes ciudades de las distintas provincias argentinas. Entre otros dirigentes, estuvieron adem\u00e1s Mario Negri, Oscar Aguard, \u00c1ngel Rosas y Julio Cobos, as\u00ed como los santafesinos Hugo Marcucci, Felipe Michlig y Santiago Mascheroni.<\/p>\n<p>Previo al acto de cierre que encabez\u00f3 Mauricio Macri, se llev\u00f3 a cabo una disertaci\u00f3n sobre los desaf\u00edos que deben afrontar los gobiernos locales en el actual contexto, a cargo del especialista en desarrollo local Fabio Quetglas.<br \/>\nCabe se\u00f1alar que con las 83 intendencias ganadas en las elecciones de este a\u00f1o, la Uni\u00f3n C\u00edvica Radical suma 446 intendentes en todo el pa\u00eds, incluyendo capitales de las provincias de Santa Fe, C\u00f3rdoba, Paran\u00e1, Mendoza, San Salvador de Jujuy, R\u00edo Gallegos y Viedma.<\/p>\n<p>Apoyar el cambio<\/p>\n<p>\u201cHoy se mezclan las diferentes tonadas que representan los distintos paisajes, lugares, comunidades de todo el pa\u00eds, y que preanuncian d\u00edas hist\u00f3ricos\u201d, afirm\u00f3 Jos\u00e9 Corral al dar la bienvenida. \u201cEsta no es la primera vez que la Ciudad re\u00fane tonadas distintas; porque es Cuna de la Constituci\u00f3n, porque es la Ciudad de los acuerdos, donde se sentaron las bases de la organizaci\u00f3n nacional\u201d, continu\u00f3.<\/p>\n<p>\u201cQue estemos reunidos todos los radicales del pa\u00eds es una demostraci\u00f3n con nombre y apellido que tenemos presencia en todos lados. El partido, en la condici\u00f3n de intendentes, se hace cargo de los problemas en el d\u00eda a d\u00eda, en el cara a cara; somos los gobiernos m\u00e1s pr\u00f3ximos a la gente y por lo tanto no podemos corrernos de las situaciones\u201d, destac\u00f3 Corral.<\/p>\n<p>En esa l\u00ednea agreg\u00f3 que la UCR \u201ces un partido de ideas\u201d y una \u201cfuerza vigorosa\u201d que en \u201cestos d\u00edas hist\u00f3ricos\u201d debe logar que en el balotaje del 22 de noviembre \u201cel frente Cambiemos le d\u00e9 camino a esa esperanza que comenz\u00f3 en el pa\u00eds en las PASO primero, que se consolid\u00f3 en la primera vuelta y que va a significar un triunfo rotundo en el balotaje\u201d.<br \/>\nJos\u00e9 Corral sostuvo m\u00e1s adelante que el radicalismo hace su aporte al frente Cambiemos \u201cdesde la historia, desde los valores de la Rep\u00fablica y tambi\u00e9n desde la necesidad de la mayor\u00eda de nuestros pueblos, porque el radicalismo es la igualdad, la justicia social y con esos valores vamos a enfrentar la realidad\u201d.<\/p>\n<p>Sostuvo que si bien la \u201cprimera gran tarea\u201d es lograr el triunfo de Cambiemos el 22 de noviembre, el balotaje \u201cser\u00e1 un inicio, porque de ah\u00ed en adelante tendremos que comprometernos con el gobierno desde cada ciudad, desde cada comunidad, para acompa\u00f1ar los cambios que necesita el pa\u00eds. Estamos seguros de que la esperanza le va a ganar al miedo\u201d, concluy\u00f3.<\/p>\n<p>Tiempo de convencer<\/p>\n<p>A su turno, Ernesto Sanz afirm\u00f3 que el radicalismo \u201cest\u00e1 en el camino\u201d para \u201cllegar al poder, al gobierno y desplazar a los modelos agotados, que no dan respuesta\u201d. En su discurso llam\u00f3 a la militancia a \u201cestar en la cancha, en la calle\u201d para llevar el mensaje del cambio a la ciudadan\u00eda argentina de cara al balotaje. \u201cEl verdadero cambio de la Argentina termina de consolidarse el 22 de noviembre con el Frente Cambiemos ganando esta segunda vuelta. Que esta reuni\u00f3n de hoy signifique una toma de energ\u00eda para barrer de ac\u00e1 al 22 toda la geograf\u00eda de la Rep\u00fablica Argentina\u201d, remarc\u00f3 finalmente.<\/p>\n<p>Recuperar la Rep\u00fablica<\/p>\n<p>Por su parte, el ex intendente de la ciudad y actual presidente del Comit\u00e9 de la UCR Santa Fe, Mario Barletta, destac\u00f3 la presencia de todos los dirigentes y los convoc\u00f3 a \u201crecuperar la Rep\u00fablica\u201d, pues \u201cese es el objetivo por el cual decidimos dejar de lado diferencias que tenemos dentro de los partidos que conformamos Cambiemos. Esas diferencias nos ayudar\u00e1n a crecer mientras exista el di\u00e1logo, se generen los consensos, recuperemos los valores, y se hace posible la convivencia pol\u00edtica\u201d.<\/p>\n<p>La Argentina del di\u00e1logo<\/p>\n<p>Jos\u00e9 Corral acompa\u00f1\u00f3 luego al candidato a Presidente por Cambiemos, Mauricio Macri en una conferencia de prensa, donde el actual jefe de gobierno porte\u00f1o destac\u00f3 \u201cel trabajo conjunto que se viene haciendo con los dirigentes del radicalismo\u201d, y destac\u00f3 la \u201cconfianza que hemos construido\u201d.<br \/>\nTras el intercambio con los medios de prensa, donde repas\u00f3 sus principales propuestas de gobierno, Mauricio Macri tuvo a su cargo las palabras de cierre del Foro de Intendentes de la UCR.<\/p>\n<p>\u201cCambiemos expresa la Argentina que -justamente desde la maduraci\u00f3n y el crecimiento-, entendi\u00f3 la importancia de encontrar que tenemos muchas m\u00e1s coincidencias que diferencias\u201d, indic\u00f3, al valorar la reuni\u00f3n.<\/p>\n<p>\u201cCuando arrancamos a conversar quer\u00edamos unir nuestras ilusiones, nuestras visiones, y la verdad que es muy importante lo que se ha logrado ac\u00e1\u201d, afirm\u00f3, y augur\u00f3 que es \u201capenas un comienzo que se tiene que seguir fortaleciendo con generosidad, con confianza y con trabajo en equipo. Hay tanto por hacer; hemos despertado en la poblaci\u00f3n el volver a so\u00f1ar y eso es una enorme responsabilidad\u201d, enfatiz\u00f3.<\/p>\n<p>Al dirigirse a los intendentes radicales, Mauricio Macri asegur\u00f3 finalmente que superada la instancia del balotaje y a partir del 10 de diciembre \u201ccada uno, desde su lugar de responsabilidad\u201d, se ocupar\u00e1 \u201cde las cosas concretas, que tienen que ver con la generaci\u00f3n de trabajo, de las libertades, de tranquilidades que hacen a un Estado presente en serio y no un Estado al servicio de la pol\u00edtica\u201d.<\/p>\n","protected":false},"excerpt":{"rendered":"<p>As\u00ed lo afirm\u00f3 Jos\u00e9 Corral, al recibir como presidente del Foro de Intendentes Radicales a los principales dirigentes y autoridades del radicalismo de todo el pa\u00eds, que se reunieron hoy en la ciudad de Santa Fe. En el encuentro, gobernadores, senadores, diputados e intendentes electos, dieron su respaldo a la f\u00f3rmula de Cambiemos de cara <a href=\"https:\/\/armstrongyregion.com.ar\/diario\/el-22-de-noviembre-la-esperanza-le-va-a-ganar-al-miedo\/\" title=\"Read more\" >&#8230;<\/a><\/p>\n","protected":false},"author":2,"featured_media":4948,"comment_status":"open","ping_status":"open","sticky":false,"template":"","format":"standard","meta":{"_jetpack_memberships_contains_paid_content":false,"footnotes":"","jetpack_publicize_message":"","jetpack_publicize_feature_enabled":true,"jetpack_social_post_already_shared":false,"jetpack_social_options":{"image_generator_settings":{"template":"highway","default_image_id":0,"enabled":false},"version":2}},"categories":[1,2819,7],"tags":[567,33,179,19,16,3109,3028,31,631,3110,2866,1765],"class_list":["post-4947","post","type-post","status-publish","format-standard","has-post-thumbnail","hentry","category-diario-armstrong","category-el-pais","category-politica","tag-567","tag-a","tag-al","tag-de","tag-el","tag-esperanza","tag-ganar","tag-la","tag-le","tag-miedo","tag-noviembre","tag-va"],"jetpack_publicize_connections":[],"jetpack_featured_media_url":"https:\/\/armstrongyregion.com.ar\/diario\/wp-content\/uploads\/2015\/11\/ae07e0f8-ea5d-4eff-a759-d0264a1cb208.jpg","jetpack_shortlink":"https:\/\/wp.me\/p62QDO-1hN","jetpack_sharing_enabled":true,"amp_enabled":true,"_links":{"self":[{"href":"https:\/\/armstrongyregion.com.ar\/diario\/wp-json\/wp\/v2\/posts\/4947","targetHints":{"allow":["GET"]}}],"collection":[{"href":"https:\/\/armstrongyregion.com.ar\/diario\/wp-json\/wp\/v2\/posts"}],"about":[{"href":"https:\/\/armstrongyregion.com.ar\/diario\/wp-json\/wp\/v2\/types\/post"}],"author":[{"embeddable":true,"href":"https:\/\/armstrongyregion.com.ar\/diario\/wp-json\/wp\/v2\/users\/2"}],"replies":[{"embeddable":true,"href":"https:\/\/armstrongyregion.com.ar\/diario\/wp-json\/wp\/v2\/comments?post=4947"}],"version-history":[{"count":0,"href":"https:\/\/armstrongyregion.com.ar\/diario\/wp-json\/wp\/v2\/posts\/4947\/revisions"}],"wp:featuredmedia":[{"embeddable":true,"href":"https:\/\/armstrongyregion.com.ar\/diario\/wp-json\/wp\/v2\/media\/4948"}],"wp:attachment":[{"href":"https:\/\/armstrongyregion.com.ar\/diario\/wp-json\/wp\/v2\/media?parent=4947"}],"wp:term":[{"taxonomy":"category","embeddable":true,"href":"https:\/\/armstrongyregion.com.ar\/diario\/wp-json\/wp\/v2\/categories?post=4947"},{"taxonomy":"post_tag","embeddable":true,"href":"https:\/\/armstrongyregion.com.ar\/diario\/wp-json\/wp\/v2\/tags?post=4947"}],"curies":[{"name":"wp","href":"https:\/\/api.w.org\/{rel}","templated":true}]}}