{"id":49422,"date":"2026-09-04T23:00:40","date_gmt":"2026-09-04T23:00:40","guid":{"rendered":"https:\/\/armstrongyregion.com.ar\/diario\/?p=49422"},"modified":"2026-09-04T23:03:11","modified_gmt":"2026-09-04T23:03:11","slug":"gran-convocatoria-en-el-taller-sobre-educacion-digital-y-salud-mental-para-jovenes-de-armstrong","status":"publish","type":"post","link":"https:\/\/armstrongyregion.com.ar\/diario\/gran-convocatoria-en-el-taller-sobre-educacion-digital-y-salud-mental-para-jovenes-de-armstrong\/","title":{"rendered":"Gran convocatoria en el taller sobre Educaci\u00f3n Digital y Salud Mental para j\u00f3venes de Armstrong."},"content":{"rendered":"\n<figure class=\"wp-block-image size-large\"><img loading=\"lazy\" decoding=\"async\" width=\"586\" height=\"480\" src=\"https:\/\/armstrongyregion.com.ar\/diario\/wp-content\/uploads\/2026\/09\/LUCAS-RASPAL-586x480.jpg\" alt=\"\" class=\"wp-image-49423\" srcset=\"https:\/\/armstrongyregion.com.ar\/diario\/wp-content\/uploads\/2026\/09\/LUCAS-RASPAL-586x480.jpg 586w, https:\/\/armstrongyregion.com.ar\/diario\/wp-content\/uploads\/2026\/09\/LUCAS-RASPAL-300x246.jpg 300w, https:\/\/armstrongyregion.com.ar\/diario\/wp-content\/uploads\/2026\/09\/LUCAS-RASPAL.jpg 645w\" sizes=\"auto, (max-width: 586px) 100vw, 586px\" \/><\/figure>\n\n\n\n<h2 class=\"wp-block-heading\">M\u00e1s de un centenar de estudiantes del ciclo b\u00e1sico participaron de la jornada a cargo del reconocido especialista Lucas Raspall. La iniciativa fue impulsada por el bloque de concejales Unidos, la Municipalidad y el senador Pablo Verdecchia.<\/h2>\n\n\n\n<p>Este viernes por la ma\u00f1ana, las instalaciones del Club Norte fueron el escenario de una importante jornada dedicada a los adolescentes locales. Se llev\u00f3 a cabo el <strong>\u00abTaller sobre Educaci\u00f3n Digital y Salud Mental: lo que pasa en redes, emociones, v\u00ednculos y salud mental\u00bb<\/strong>, dictado por el destacado profesional Lucas Raspall.<\/p>\n\n\n\n<p>La actividad, dirigida a estudiantes de los ciclos b\u00e1sicos (1\u00ba a 3\u00ba a\u00f1o) de las Escuelas N.\u00ba 33, N.\u00ba 51 y N.\u00ba 291, surgi\u00f3 a partir de las inquietudes planteadas por los propios j\u00f3venes. La propuesta se concret\u00f3 gracias al trabajo conjunto del bloque de concejales Unidos, la Municipalidad de Armstrong \u2014encabezada por el intendente Guillermo Luzzi\u2014 y el senador departamental Pablo Verdecchia.<\/p>\n\n\n\n<p>La concejal Noelia Garc\u00eda destac\u00f3 la importancia de brindar estas herramientas en la actualidad: \u00abNo sab\u00edamos c\u00f3mo abordar de la mejor manera la parte de salud mental y la tem\u00e1tica del uso del celular en los adolescentes. Quer\u00edamos buscar un profesional como Lucas. Es un especialista que aborda no solamente la salud mental, sino tambi\u00e9n toda la parte de redes sociales y autoestima\u00bb.<\/p>\n\n\n\n<p>Sobre la elecci\u00f3n de Raspall, Garc\u00eda sum\u00f3: <strong>\u00abNos pareci\u00f3 que tiene una mirada muy distinta a los mensajes que muchas veces queremos dar los adultos, adem\u00e1s de tener una trayectoria enorme\u00bb.<\/strong> Asimismo, remarc\u00f3 la excelente predisposici\u00f3n de los j\u00f3venes y agradeci\u00f3 el fuerte respaldo del intendente Luzzi y del senador Verdecchia para hacer posible el encuentro.<\/p>\n\n\n\n<p>Por su parte, el presidente del Concejo, Prof. Alejandro Pertusati, explic\u00f3 c\u00f3mo se organiz\u00f3 la convocatoria en las instituciones educativas: <strong>\u00abLa idea fue contactarnos con los directivos de las tres escuelas secundarias locales. Se consensu\u00f3 con ellos para ver a qu\u00e9 edades era mejor apuntar, y coincidieron en que el ciclo b\u00e1sico era donde m\u00e1s se pod\u00eda exprimir esta forma de trabajar en taller. Los chicos no solamente van a poder entender un mensaje, sino que van a poder trabajar sobre \u00e9l\u00bb.<\/strong><\/p>\n\n\n\n<p>Pertusati tambi\u00e9n adelant\u00f3 que este es solo el inicio de un proyecto integral que busca sostenerse en el tiempo, evaluando incluso extender la propuesta a los adultos:<strong> \u00abMuchos padres me escribieron preguntando si se pod\u00eda hacer algo abierto, y por supuesto que s\u00ed. Esto tiene que ver con el trabajo alineado que venimos haciendo junto al senador Verdecchia, el intendente Luzzi y nosotros desde el bloque, yendo siempre para adelante\u00bb.<\/strong><\/p>\n","protected":false},"excerpt":{"rendered":"<p>M\u00e1s de un centenar de estudiantes del ciclo b\u00e1sico participaron de la jornada a cargo del reconocido especialista Lucas Raspall. La iniciativa fue impulsada por el bloque de concejales Unidos, la Municipalidad y el senador Pablo Verdecchia. Este viernes por la ma\u00f1ana, las instalaciones del Club Norte fueron el escenario de una importante jornada dedicada <a href=\"https:\/\/armstrongyregion.com.ar\/diario\/gran-convocatoria-en-el-taller-sobre-educacion-digital-y-salud-mental-para-jovenes-de-armstrong\/\" title=\"Read more\" >&#8230;<\/a><\/p>\n","protected":false},"author":1,"featured_media":49423,"comment_status":"open","ping_status":"open","sticky":false,"template":"","format":"image","meta":{"_jetpack_memberships_contains_paid_content":false,"footnotes":"","jetpack_publicize_message":"","jetpack_publicize_feature_enabled":true,"jetpack_social_post_already_shared":true,"jetpack_social_options":{"image_generator_settings":{"template":"highway","default_image_id":0,"enabled":false},"version":2}},"categories":[6,8,1,2,7,3],"tags":[20,10830,5030,9603,13131,9171,8777,13127,11862,12819,9560,10733,129],"class_list":["post-49422","post","type-post","status-publish","format-image","has-post-thumbnail","hentry","category-cultura-entretenimiento","category-deliberando","category-diario-armstrong","category-locales","category-politica","category-region","tag-armstrong","tag-bloque-unidos","tag-diario-armstrong","tag-educacion-3","tag-educacion-digital-2","tag-jovenes-2","tag-lic-graciela-de-la-casa","tag-luca-raspall","tag-noelia-garcia-2","tag-pte-concejo-alejandro-pertusati-2","tag-salud-mental","tag-senador-pablo-verdecchia","tag-taller","post_format-post-format-image"],"jetpack_publicize_connections":[],"jetpack_featured_media_url":"https:\/\/armstrongyregion.com.ar\/diario\/wp-content\/uploads\/2026\/09\/LUCAS-RASPAL.jpg","jetpack_shortlink":"https:\/\/wp.me\/p62QDO-cR8","jetpack_sharing_enabled":true,"amp_enabled":true,"_links":{"self":[{"href":"https:\/\/armstrongyregion.com.ar\/diario\/wp-json\/wp\/v2\/posts\/49422","targetHints":{"allow":["GET"]}}],"collection":[{"href":"https:\/\/armstrongyregion.com.ar\/diario\/wp-json\/wp\/v2\/posts"}],"about":[{"href":"https:\/\/armstrongyregion.com.ar\/diario\/wp-json\/wp\/v2\/types\/post"}],"author":[{"embeddable":true,"href":"https:\/\/armstrongyregion.com.ar\/diario\/wp-json\/wp\/v2\/users\/1"}],"replies":[{"embeddable":true,"href":"https:\/\/armstrongyregion.com.ar\/diario\/wp-json\/wp\/v2\/comments?post=49422"}],"version-history":[{"count":2,"href":"https:\/\/armstrongyregion.com.ar\/diario\/wp-json\/wp\/v2\/posts\/49422\/revisions"}],"predecessor-version":[{"id":49425,"href":"https:\/\/armstrongyregion.com.ar\/diario\/wp-json\/wp\/v2\/posts\/49422\/revisions\/49425"}],"wp:featuredmedia":[{"embeddable":true,"href":"https:\/\/armstrongyregion.com.ar\/diario\/wp-json\/wp\/v2\/media\/49423"}],"wp:attachment":[{"href":"https:\/\/armstrongyregion.com.ar\/diario\/wp-json\/wp\/v2\/media?parent=49422"}],"wp:term":[{"taxonomy":"category","embeddable":true,"href":"https:\/\/armstrongyregion.com.ar\/diario\/wp-json\/wp\/v2\/categories?post=49422"},{"taxonomy":"post_tag","embeddable":true,"href":"https:\/\/armstrongyregion.com.ar\/diario\/wp-json\/wp\/v2\/tags?post=49422"}],"curies":[{"name":"wp","href":"https:\/\/api.w.org\/{rel}","templated":true}]}}