{"id":49419,"date":"2026-09-03T12:38:56","date_gmt":"2026-09-03T12:38:56","guid":{"rendered":"https:\/\/armstrongyregion.com.ar\/diario\/?p=49419"},"modified":"2026-09-03T12:39:08","modified_gmt":"2026-09-03T12:39:08","slug":"emiliano-gramigna-presento-el-programa-mi-primer-local-para-impulsar-el-crecimiento-de-los-emprendedores-de-armstrong","status":"publish","type":"post","link":"https:\/\/armstrongyregion.com.ar\/diario\/emiliano-gramigna-presento-el-programa-mi-primer-local-para-impulsar-el-crecimiento-de-los-emprendedores-de-armstrong\/","title":{"rendered":"Emiliano Gramigna present\u00f3 el programa \u201cMi Primer Local\u201d para impulsar el crecimiento de los emprendedores de Armstrong."},"content":{"rendered":"\n<figure class=\"wp-block-image size-large\"><img loading=\"lazy\" decoding=\"async\" width=\"546\" height=\"480\" src=\"http:\/\/armstrongyregion.com.ar\/diario\/wp-content\/uploads\/2026\/03\/EMILIANO-GRAMIGNA-2026--546x480.jpg\" alt=\"\" class=\"wp-image-48157\" srcset=\"https:\/\/armstrongyregion.com.ar\/diario\/wp-content\/uploads\/2026\/03\/EMILIANO-GRAMIGNA-2026--546x480.jpg 546w, https:\/\/armstrongyregion.com.ar\/diario\/wp-content\/uploads\/2026\/03\/EMILIANO-GRAMIGNA-2026--300x264.jpg 300w, https:\/\/armstrongyregion.com.ar\/diario\/wp-content\/uploads\/2026\/03\/EMILIANO-GRAMIGNA-2026-.jpg 600w\" sizes=\"auto, (max-width: 546px) 100vw, 546px\" \/><\/figure>\n\n\n\n<h2 class=\"wp-block-heading\">El concejal del bloque Renovaci\u00f3n por Armstrong ingres\u00f3 un proyecto de ordenanza destinado a brindar herramientas t\u00e9cnicas, financieras y exenciones impositivas a quienes busquen dar el salto y abrir su propio comercio. La iniciativa busca generar empleo y fortalecer la econom\u00eda local frente a la compleja situaci\u00f3n actual.<\/h2>\n\n\n\n<p>El concejal Emiliano Gramigna, representante del bloque Renovaci\u00f3n por Armstrong, present\u00f3 en el recinto un nuevo proyecto de ordenanza denominado programa <strong>\u201cMi Primer Local\u201d.<\/strong> La iniciativa tiene como objetivo central fomentar el emprendedurismo en los rubros comerciales y de servicios, brindando un respaldo integral a los vecinos de la ciudad que buscan instalar nuevos comercios o expandir sus actividades actuales.<\/p>\n\n\n\n<p>Seg\u00fan detall\u00f3 el edil, el programa est\u00e1 dirigido a emprendedores con domicilio y antig\u00fcedad en la localidad.<strong> \u201cNo solamente tenemos que dar herramientas para financiar los emprendimientos, sino tambi\u00e9n para que puedan tener buenas instalaciones, cumplir con las normas de higiene y seguridad, y contar con acompa\u00f1amiento t\u00e9cnico espec\u00edfico en lo financiero, contable y administrativo\u201d<\/strong>, explic\u00f3 Gramigna.<\/p>\n\n\n\n<p>El proyecto surge como un complemento necesario al fondo rotatorio de fomento a emprendedores aprobado recientemente por el Concejo. En este sentido, <strong>\u201cMi Primer Local\u201d<\/strong> va un paso m\u00e1s all\u00e1 de la financiaci\u00f3n: propone que, cumpliendo determinados requisitos, los nuevos comerciantes puedan acceder a beneficios y exenciones impositivas \u2014como reducciones en el DREI o la Tasa Municipal\u2014 durante sus primeros pasos, aliviando la carga tributaria inicial.<\/p>\n\n\n\n<p><strong>De microemprendimiento a local comercial<\/strong>.<\/p>\n\n\n\n<p> Uno de los focos de la ordenanza es ayudar a quienes hoy realizan actividades a menor escala o de forma artesanal, para que puedan formalizarse y abrirse al p\u00fablico. Adem\u00e1s, contempla la posibilidad de que el municipio otorgue espacios en comodato para la instalaci\u00f3n de feriantes u otros rubros, siempre bajo las normativas pertinentes.<\/p>\n\n\n\n<p><strong>\u201cHoy vemos que, por la situaci\u00f3n econ\u00f3mica, muchas personas necesitan ingresos extras y no saben si dar o no el paso para expandirse o instalar un comercio nuevo. Con este proyecto queremos tratar de fomentarlo y brindarles todo el asesoramiento necesario para que lo hagan de manera correcta\u201d<\/strong>, destac\u00f3 el concejal.<\/p>\n\n\n\n<p>Finalmente, Gramigna subray\u00f3 que la propuesta apuesta al trabajo articulado entre el municipio, el Centro Comercial, las asociaciones de comerciantes y el Sindicato de Empleados de Comercio. <strong>\u201cPlanteamos una competencia leal, pero dando herramientas desde el Estado para que quien hoy tiene un emprendimiento pueda crecer. \u00bfY qu\u00e9 implica ese crecimiento? Que pueda tomar y emplear gente, lo que se traduce en un mayor flujo de dinero dentro de nuestra misma ciudad\u201d<\/strong>, concluy\u00f3.<\/p>\n","protected":false},"excerpt":{"rendered":"<p>El concejal del bloque Renovaci\u00f3n por Armstrong ingres\u00f3 un proyecto de ordenanza destinado a brindar herramientas t\u00e9cnicas, financieras y exenciones impositivas a quienes busquen dar el salto y abrir su propio comercio. La iniciativa busca generar empleo y fortalecer la econom\u00eda local frente a la compleja situaci\u00f3n actual. El concejal Emiliano Gramigna, representante del bloque <a href=\"https:\/\/armstrongyregion.com.ar\/diario\/emiliano-gramigna-presento-el-programa-mi-primer-local-para-impulsar-el-crecimiento-de-los-emprendedores-de-armstrong\/\" title=\"Read more\" >&#8230;<\/a><\/p>\n","protected":false},"author":1,"featured_media":48157,"comment_status":"open","ping_status":"open","sticky":false,"template":"","format":"image","meta":{"_jetpack_memberships_contains_paid_content":false,"footnotes":"","jetpack_publicize_message":"","jetpack_publicize_feature_enabled":true,"jetpack_social_post_already_shared":true,"jetpack_social_options":{"image_generator_settings":{"template":"highway","default_image_id":0,"enabled":false},"version":2}},"categories":[6,8,1,2,7,3],"tags":[20,4331,5030,9423,392,1538,8777,11815,582],"class_list":["post-49419","post","type-post","status-publish","format-image","has-post-thumbnail","hentry","category-cultura-entretenimiento","category-deliberando","category-diario-armstrong","category-locales","category-politica","category-region","tag-armstrong","tag-crecimiento","tag-diario-armstrong","tag-emiliano-gramigna","tag-emprendedores","tag-impulsar","tag-lic-graciela-de-la-casa","tag-mi-primer-local","tag-programa","post_format-post-format-image"],"jetpack_publicize_connections":[],"jetpack_featured_media_url":"https:\/\/armstrongyregion.com.ar\/diario\/wp-content\/uploads\/2026\/03\/EMILIANO-GRAMIGNA-2026-.jpg","jetpack_shortlink":"https:\/\/wp.me\/p62QDO-cR5","jetpack_sharing_enabled":true,"amp_enabled":true,"_links":{"self":[{"href":"https:\/\/armstrongyregion.com.ar\/diario\/wp-json\/wp\/v2\/posts\/49419","targetHints":{"allow":["GET"]}}],"collection":[{"href":"https:\/\/armstrongyregion.com.ar\/diario\/wp-json\/wp\/v2\/posts"}],"about":[{"href":"https:\/\/armstrongyregion.com.ar\/diario\/wp-json\/wp\/v2\/types\/post"}],"author":[{"embeddable":true,"href":"https:\/\/armstrongyregion.com.ar\/diario\/wp-json\/wp\/v2\/users\/1"}],"replies":[{"embeddable":true,"href":"https:\/\/armstrongyregion.com.ar\/diario\/wp-json\/wp\/v2\/comments?post=49419"}],"version-history":[{"count":1,"href":"https:\/\/armstrongyregion.com.ar\/diario\/wp-json\/wp\/v2\/posts\/49419\/revisions"}],"predecessor-version":[{"id":49420,"href":"https:\/\/armstrongyregion.com.ar\/diario\/wp-json\/wp\/v2\/posts\/49419\/revisions\/49420"}],"wp:featuredmedia":[{"embeddable":true,"href":"https:\/\/armstrongyregion.com.ar\/diario\/wp-json\/wp\/v2\/media\/48157"}],"wp:attachment":[{"href":"https:\/\/armstrongyregion.com.ar\/diario\/wp-json\/wp\/v2\/media?parent=49419"}],"wp:term":[{"taxonomy":"category","embeddable":true,"href":"https:\/\/armstrongyregion.com.ar\/diario\/wp-json\/wp\/v2\/categories?post=49419"},{"taxonomy":"post_tag","embeddable":true,"href":"https:\/\/armstrongyregion.com.ar\/diario\/wp-json\/wp\/v2\/tags?post=49419"}],"curies":[{"name":"wp","href":"https:\/\/api.w.org\/{rel}","templated":true}]}}