{"id":49416,"date":"2026-09-03T12:16:25","date_gmt":"2026-09-03T12:16:25","guid":{"rendered":"https:\/\/armstrongyregion.com.ar\/diario\/?p=49416"},"modified":"2026-09-03T12:16:27","modified_gmt":"2026-09-03T12:16:27","slug":"el-concejo-impulsa-la-prevencion-escolar-y-apuesta-por-una-ciudad-mas-accesible","status":"publish","type":"post","link":"https:\/\/armstrongyregion.com.ar\/diario\/el-concejo-impulsa-la-prevencion-escolar-y-apuesta-por-una-ciudad-mas-accesible\/","title":{"rendered":"El Concejo impulsa la prevenci\u00f3n escolar y apuesta por una ciudad m\u00e1s accesible."},"content":{"rendered":"\n<figure class=\"wp-block-image size-large\"><img loading=\"lazy\" decoding=\"async\" width=\"290\" height=\"480\" src=\"https:\/\/armstrongyregion.com.ar\/diario\/wp-content\/uploads\/2026\/09\/CONCEJO-2-9-26-290x480.jpg\" alt=\"\" class=\"wp-image-49417\" srcset=\"https:\/\/armstrongyregion.com.ar\/diario\/wp-content\/uploads\/2026\/09\/CONCEJO-2-9-26-290x480.jpg 290w, https:\/\/armstrongyregion.com.ar\/diario\/wp-content\/uploads\/2026\/09\/CONCEJO-2-9-26-181x300.jpg 181w, https:\/\/armstrongyregion.com.ar\/diario\/wp-content\/uploads\/2026\/09\/CONCEJO-2-9-26.jpg 648w\" sizes=\"auto, (max-width: 290px) 100vw, 290px\" \/><figcaption class=\"wp-element-caption\">timestampe=1788437589<\/figcaption><\/figure>\n\n\n\n<h2 class=\"wp-block-heading\">Al t\u00e9rmino de la \u00faltima sesi\u00f3n ordinaria, los concejales del Bloque Unidos, Noelia Garc\u00eda y Rodrigo Migliozzi, destacaron dos iniciativas clave: la Declaraci\u00f3n de Inter\u00e9s Municipal de los Talleres de Prevenci\u00f3n de la Escuela 600 y un pedido al Ejecutivo para la construcci\u00f3n de nuevas rampas de accesibilidad.<\/h2>\n\n\n\n<p>Tras la sesi\u00f3n legislativa del d\u00eda martes en la ciudad de Armstrong, los concejales del Bloque Unidos compartieron detalles sobre los recientes proyectos presentados, haciendo especial foco en la educaci\u00f3n comunitaria y la inclusi\u00f3n urbana.<\/p>\n\n\n\n<p><strong>Escuela 600: La comunidad unida por la prevenci\u00f3n<\/strong>.<\/p>\n\n\n\n<p> El Concejo declar\u00f3 de Inter\u00e9s Municipal la <strong>\u00abMuestra de los Talleres de Prevenci\u00f3n\u00bb<\/strong>, una actividad que la Escuela 600 viene desarrollando con \u00e9xito desde hace cuatro a\u00f1os. La muestra anual tendr\u00e1 lugar este jueves a partir de las 18 horas, abriendo sus puertas a toda la comunidad.<\/p>\n\n\n\n<p>El proyecto involucra a alumnos de 1\u00ba a 7\u00ba grado junto a sus docentes y aborda tem\u00e1ticas fundamentales y de gran actualidad como la prevenci\u00f3n de adicciones, ciberacoso, bullying, grooming y ludopat\u00eda. Adem\u00e1s, se destaca el trabajo integral en salud mental y el manejo de las emociones en ni\u00f1os y preadolescentes. La iniciativa cuenta con el apoyo invaluable de profesionales de la salud, el SAMCO local, y diversas instituciones como la asociaci\u00f3n protectora \u00abComo perros y gatos\u00bb. Durante la jornada, tambi\u00e9n se exhibir\u00e1n cortometrajes realizados por los alumnos bajo la gu\u00eda de un director de teatro local, demostrando que estas problem\u00e1ticas est\u00e1n presentes en la ciudad y requieren el compromiso de todos.<\/p>\n\n\n\n<p><strong>Por una ciudad sin barreras f\u00edsicas<\/strong>.<\/p>\n\n\n\n<p> <strong>En otra de las iniciativas presentadas, el Bloque Unidos elev\u00f3 un pedido formal al Departamento Ejecutivo Municipal (DEM) solicitando la construcci\u00f3n de una vereda comunitaria y una rampa de accesibilidad en la intersecci\u00f3n de las calles Fischer e Hip\u00f3lito Yrigoyen.<\/strong><\/p>\n\n\n\n<p>Los ediles enfatizaron la necesidad de avanzar hacia una sociedad plenamente inclusiva.<strong> \u00abPensamos en una ciudad con accesibilidad, que las personas con movilidad reducida tengan esa posibilidad de transitar sin obst\u00e1culos\u00bb<\/strong>, remarcaron. Aunque el pedido puntual es para esta esquina estrat\u00e9gica, se\u00f1alaron que la intenci\u00f3n es visibilizar la problem\u00e1tica de las barreras f\u00edsicas urbanas, para que la empat\u00eda gu\u00ede el dise\u00f1o de las calles en toda la ciudad.<\/p>\n\n\n\n<p><\/p>\n","protected":false},"excerpt":{"rendered":"<p>Al t\u00e9rmino de la \u00faltima sesi\u00f3n ordinaria, los concejales del Bloque Unidos, Noelia Garc\u00eda y Rodrigo Migliozzi, destacaron dos iniciativas clave: la Declaraci\u00f3n de Inter\u00e9s Municipal de los Talleres de Prevenci\u00f3n de la Escuela 600 y un pedido al Ejecutivo para la construcci\u00f3n de nuevas rampas de accesibilidad. Tras la sesi\u00f3n legislativa del d\u00eda martes <a href=\"https:\/\/armstrongyregion.com.ar\/diario\/el-concejo-impulsa-la-prevencion-escolar-y-apuesta-por-una-ciudad-mas-accesible\/\" title=\"Read more\" >&#8230;<\/a><\/p>\n","protected":false},"author":1,"featured_media":49417,"comment_status":"open","ping_status":"open","sticky":false,"template":"","format":"image","meta":{"_jetpack_memberships_contains_paid_content":false,"footnotes":"","jetpack_publicize_message":"","jetpack_publicize_feature_enabled":true,"jetpack_social_post_already_shared":true,"jetpack_social_options":{"image_generator_settings":{"template":"highway","default_image_id":0,"enabled":false},"version":2}},"categories":[6,8,1,2,7,3],"tags":[13130,20,8646,868,5030,8777,1573],"class_list":["post-49416","post","type-post","status-publish","format-image","has-post-thumbnail","hentry","category-cultura-entretenimiento","category-deliberando","category-diario-armstrong","category-locales","category-politica","category-region","tag-accesible","tag-armstrong","tag-ciudad-2","tag-concejo","tag-diario-armstrong","tag-lic-graciela-de-la-casa","tag-prevencion","post_format-post-format-image"],"jetpack_publicize_connections":[],"jetpack_featured_media_url":"https:\/\/armstrongyregion.com.ar\/diario\/wp-content\/uploads\/2026\/09\/CONCEJO-2-9-26.jpg","jetpack_shortlink":"https:\/\/wp.me\/p62QDO-cR2","jetpack_sharing_enabled":true,"amp_enabled":true,"_links":{"self":[{"href":"https:\/\/armstrongyregion.com.ar\/diario\/wp-json\/wp\/v2\/posts\/49416","targetHints":{"allow":["GET"]}}],"collection":[{"href":"https:\/\/armstrongyregion.com.ar\/diario\/wp-json\/wp\/v2\/posts"}],"about":[{"href":"https:\/\/armstrongyregion.com.ar\/diario\/wp-json\/wp\/v2\/types\/post"}],"author":[{"embeddable":true,"href":"https:\/\/armstrongyregion.com.ar\/diario\/wp-json\/wp\/v2\/users\/1"}],"replies":[{"embeddable":true,"href":"https:\/\/armstrongyregion.com.ar\/diario\/wp-json\/wp\/v2\/comments?post=49416"}],"version-history":[{"count":1,"href":"https:\/\/armstrongyregion.com.ar\/diario\/wp-json\/wp\/v2\/posts\/49416\/revisions"}],"predecessor-version":[{"id":49418,"href":"https:\/\/armstrongyregion.com.ar\/diario\/wp-json\/wp\/v2\/posts\/49416\/revisions\/49418"}],"wp:featuredmedia":[{"embeddable":true,"href":"https:\/\/armstrongyregion.com.ar\/diario\/wp-json\/wp\/v2\/media\/49417"}],"wp:attachment":[{"href":"https:\/\/armstrongyregion.com.ar\/diario\/wp-json\/wp\/v2\/media?parent=49416"}],"wp:term":[{"taxonomy":"category","embeddable":true,"href":"https:\/\/armstrongyregion.com.ar\/diario\/wp-json\/wp\/v2\/categories?post=49416"},{"taxonomy":"post_tag","embeddable":true,"href":"https:\/\/armstrongyregion.com.ar\/diario\/wp-json\/wp\/v2\/tags?post=49416"}],"curies":[{"name":"wp","href":"https:\/\/api.w.org\/{rel}","templated":true}]}}