{"id":49413,"date":"2026-09-03T11:35:28","date_gmt":"2026-09-03T11:35:28","guid":{"rendered":"https:\/\/armstrongyregion.com.ar\/diario\/?p=49413"},"modified":"2026-09-03T11:35:31","modified_gmt":"2026-09-03T11:35:31","slug":"armstrong-nueva-jornada-sobre-educacion-digital-y-salud-mental-para-jovenes","status":"publish","type":"post","link":"https:\/\/armstrongyregion.com.ar\/diario\/armstrong-nueva-jornada-sobre-educacion-digital-y-salud-mental-para-jovenes\/","title":{"rendered":"Armstrong: Nueva jornada sobre Educaci\u00f3n Digital y Salud Mental para j\u00f3venes."},"content":{"rendered":"\n<figure class=\"wp-block-image size-large\"><img loading=\"lazy\" decoding=\"async\" width=\"270\" height=\"480\" src=\"https:\/\/armstrongyregion.com.ar\/diario\/wp-content\/uploads\/2026\/09\/LUCAS-RASPALL--270x480.jpg\" alt=\"\" class=\"wp-image-49414\" srcset=\"https:\/\/armstrongyregion.com.ar\/diario\/wp-content\/uploads\/2026\/09\/LUCAS-RASPALL--270x480.jpg 270w, https:\/\/armstrongyregion.com.ar\/diario\/wp-content\/uploads\/2026\/09\/LUCAS-RASPALL--169x300.jpg 169w, https:\/\/armstrongyregion.com.ar\/diario\/wp-content\/uploads\/2026\/09\/LUCAS-RASPALL-.jpg 360w\" sizes=\"auto, (max-width: 270px) 100vw, 270px\" \/><\/figure>\n\n\n\n<h2 class=\"wp-block-heading\">Este viernes 4 de septiembre, la ciudad ser\u00e1 sede de un encuentro clave para los estudiantes locales: el \u00abTaller sobre Educaci\u00f3n Digital y Salud Mental: lo que pasa en redes, emociones, v\u00ednculos y salud mental\u00bb. El evento contar\u00e1 con la disertaci\u00f3n del reconocido especialista Lucas Raspall y est\u00e1 dirigido espec\u00edficamente a las escuelas secundarias de la ciudad.<\/h2>\n\n\n\n<p>La iniciativa nace como respuesta directa a las inquietudes y propuestas planteadas por los propios j\u00f3venes durante diversas actividades promovidas por el Senador departamental Pablo Verdecchia. El objetivo de este espacio es escuchar a los chicos y transformar sus preocupaciones sobre el mundo virtual en acciones concretas que les brinden herramientas saludables.<\/p>\n\n\n\n<p>La organizaci\u00f3n de la jornada refleja un trabajo articulado entre el Bloque de Concejales UNIDOS, la Municipalidad de Armstrong y el Senador Verdecchia, buscando acompa\u00f1ar a los adolescentes frente a los desaf\u00edos de la hiperconectividad.<\/p>\n\n\n\n<p><strong>Detalles de la convocatoria<\/strong><\/p>\n\n\n\n<ul class=\"wp-block-list\">\n<li><strong>Fecha:<\/strong> Viernes 4 de septiembre.<\/li>\n\n\n\n<li><strong>Hora:<\/strong> 8:00 horas.<\/li>\n\n\n\n<li><strong>Lugar:<\/strong> Club Norte, Armstrong.<\/li>\n\n\n\n<li><strong>P\u00fablico:<\/strong> Alumnos de escuelas secundarias.<\/li>\n\n\n\n<li><strong>Disertante:<\/strong> Lucas Raspall.<\/li>\n<\/ul>\n","protected":false},"excerpt":{"rendered":"<p>Este viernes 4 de septiembre, la ciudad ser\u00e1 sede de un encuentro clave para los estudiantes locales: el \u00abTaller sobre Educaci\u00f3n Digital y Salud Mental: lo que pasa en redes, emociones, v\u00ednculos y salud mental\u00bb. El evento contar\u00e1 con la disertaci\u00f3n del reconocido especialista Lucas Raspall y est\u00e1 dirigido espec\u00edficamente a las escuelas secundarias de <a href=\"https:\/\/armstrongyregion.com.ar\/diario\/armstrong-nueva-jornada-sobre-educacion-digital-y-salud-mental-para-jovenes\/\" title=\"Read more\" >&#8230;<\/a><\/p>\n","protected":false},"author":1,"featured_media":49414,"comment_status":"open","ping_status":"open","sticky":false,"template":"","format":"image","meta":{"_jetpack_memberships_contains_paid_content":false,"footnotes":"","jetpack_publicize_message":"","jetpack_publicize_feature_enabled":true,"jetpack_social_post_already_shared":true,"jetpack_social_options":{"image_generator_settings":{"template":"highway","default_image_id":0,"enabled":false},"version":2}},"categories":[6,8,1,2,7,4,3],"tags":[20,5030,8618,13128,1291,9171,8777,9663,9560],"class_list":["post-49413","post","type-post","status-publish","format-image","has-post-thumbnail","hentry","category-cultura-entretenimiento","category-deliberando","category-diario-armstrong","category-locales","category-politica","category-prevencion-salud","category-region","tag-armstrong","tag-diario-armstrong","tag-educacion-2","tag-educacion-digital","tag-jornada","tag-jovenes-2","tag-lic-graciela-de-la-casa","tag-lucas-raspall","tag-salud-mental","post_format-post-format-image"],"jetpack_publicize_connections":[],"jetpack_featured_media_url":"https:\/\/armstrongyregion.com.ar\/diario\/wp-content\/uploads\/2026\/09\/LUCAS-RASPALL-.jpg","jetpack_shortlink":"https:\/\/wp.me\/p62QDO-cQZ","jetpack_sharing_enabled":true,"amp_enabled":true,"_links":{"self":[{"href":"https:\/\/armstrongyregion.com.ar\/diario\/wp-json\/wp\/v2\/posts\/49413","targetHints":{"allow":["GET"]}}],"collection":[{"href":"https:\/\/armstrongyregion.com.ar\/diario\/wp-json\/wp\/v2\/posts"}],"about":[{"href":"https:\/\/armstrongyregion.com.ar\/diario\/wp-json\/wp\/v2\/types\/post"}],"author":[{"embeddable":true,"href":"https:\/\/armstrongyregion.com.ar\/diario\/wp-json\/wp\/v2\/users\/1"}],"replies":[{"embeddable":true,"href":"https:\/\/armstrongyregion.com.ar\/diario\/wp-json\/wp\/v2\/comments?post=49413"}],"version-history":[{"count":1,"href":"https:\/\/armstrongyregion.com.ar\/diario\/wp-json\/wp\/v2\/posts\/49413\/revisions"}],"predecessor-version":[{"id":49415,"href":"https:\/\/armstrongyregion.com.ar\/diario\/wp-json\/wp\/v2\/posts\/49413\/revisions\/49415"}],"wp:featuredmedia":[{"embeddable":true,"href":"https:\/\/armstrongyregion.com.ar\/diario\/wp-json\/wp\/v2\/media\/49414"}],"wp:attachment":[{"href":"https:\/\/armstrongyregion.com.ar\/diario\/wp-json\/wp\/v2\/media?parent=49413"}],"wp:term":[{"taxonomy":"category","embeddable":true,"href":"https:\/\/armstrongyregion.com.ar\/diario\/wp-json\/wp\/v2\/categories?post=49413"},{"taxonomy":"post_tag","embeddable":true,"href":"https:\/\/armstrongyregion.com.ar\/diario\/wp-json\/wp\/v2\/tags?post=49413"}],"curies":[{"name":"wp","href":"https:\/\/api.w.org\/{rel}","templated":true}]}}