{"id":49405,"date":"2026-09-01T15:02:32","date_gmt":"2026-09-01T15:02:32","guid":{"rendered":"https:\/\/armstrongyregion.com.ar\/diario\/?p=49405"},"modified":"2026-09-01T15:02:37","modified_gmt":"2026-09-01T15:02:37","slug":"cruce-por-la-obra-publica-luz-marina-fischer-habla-hoy-en-deliberando-tras-la-polemica-en-el-concejo","status":"publish","type":"post","link":"https:\/\/armstrongyregion.com.ar\/diario\/cruce-por-la-obra-publica-luz-marina-fischer-habla-hoy-en-deliberando-tras-la-polemica-en-el-concejo\/","title":{"rendered":"Cruce por la obra p\u00fablica: Luz Marina Fischer habla hoy en Deliberando tras la pol\u00e9mica en el Concejo."},"content":{"rendered":"\n<figure class=\"wp-block-image size-large\"><img loading=\"lazy\" decoding=\"async\" width=\"415\" height=\"480\" src=\"https:\/\/armstrongyregion.com.ar\/diario\/wp-content\/uploads\/2026\/09\/LUZ-FISCHER-DELIBERANDO-415x480.jpg\" alt=\"\" class=\"wp-image-49406\" srcset=\"https:\/\/armstrongyregion.com.ar\/diario\/wp-content\/uploads\/2026\/09\/LUZ-FISCHER-DELIBERANDO-415x480.jpg 415w, https:\/\/armstrongyregion.com.ar\/diario\/wp-content\/uploads\/2026\/09\/LUZ-FISCHER-DELIBERANDO-259x300.jpg 259w, https:\/\/armstrongyregion.com.ar\/diario\/wp-content\/uploads\/2026\/09\/LUZ-FISCHER-DELIBERANDO-768x889.jpg 768w, https:\/\/armstrongyregion.com.ar\/diario\/wp-content\/uploads\/2026\/09\/LUZ-FISCHER-DELIBERANDO.jpg 786w\" sizes=\"auto, (max-width: 415px) 100vw, 415px\" \/><\/figure>\n\n\n\n<h2 class=\"wp-block-heading\">Esta noche a las 21:00 hs, la concejal del bloque Avancemos analiza el Tenso cruce en el Concejo por los valores del pavimento en la ciudad, las denuncias de agresi\u00f3n y la falta de transparencia en la gesti\u00f3n municipal.<\/h2>\n\n\n\n<p>Este martes a las 21:00 hs, una nueva emisi\u00f3n del programa <em>Deliberando<\/em> llega a las pantallas de Armstrong y la regi\u00f3n para abordar los temas centrales de la agenda pol\u00edtica y econ\u00f3mica local. En esta oportunidad, el espacio de debate contar\u00e1 con la presencia de la concejal Luz Marina Fischer (bloque Avancemos), luego de una semana marcada por la pol\u00e9mica tras la visita de los secretarios del Ejecutivo municipal al Concejo Deliberante.<\/p>\n\n\n\n<p>Durante la entrevista, la edila detallar\u00e1 los motivos por los cuales asegura haberse retirado \u00abcon m\u00e1s dudas que antes\u00bb luego de solicitar explicaciones sobre el costo del hormig\u00f3n y las licitaciones en la ciudad. Fischer abordar\u00e1 la comparativa de precios con otras localidades vecinas, la baja en ofertas tras los pedidos de informes y el estado actual de la obra p\u00fablica.<\/p>\n\n\n\n<p>Asimismo, la concejal responder\u00e1 sobre el clima de tensi\u00f3n vivido a puertas cerradas en comisi\u00f3n, y expondr\u00e1 la postura de su bloque respecto al presupuesto, la transparencia institucional y los proyectos prioritarios para los vecinos de Armstrong.<\/p>\n","protected":false},"excerpt":{"rendered":"<p>Esta noche a las 21:00 hs, la concejal del bloque Avancemos analiza el Tenso cruce en el Concejo por los valores del pavimento en la ciudad, las denuncias de agresi\u00f3n y la falta de transparencia en la gesti\u00f3n municipal. Este martes a las 21:00 hs, una nueva emisi\u00f3n del programa Deliberando llega a las pantallas <a href=\"https:\/\/armstrongyregion.com.ar\/diario\/cruce-por-la-obra-publica-luz-marina-fischer-habla-hoy-en-deliberando-tras-la-polemica-en-el-concejo\/\" title=\"Read more\" >&#8230;<\/a><\/p>\n","protected":false},"author":1,"featured_media":49406,"comment_status":"open","ping_status":"open","sticky":false,"template":"","format":"image","meta":{"_jetpack_memberships_contains_paid_content":false,"footnotes":"","jetpack_publicize_message":"","jetpack_publicize_feature_enabled":true,"jetpack_social_post_already_shared":true,"jetpack_social_options":{"image_generator_settings":{"template":"highway","default_image_id":0,"enabled":false},"version":2}},"categories":[8,1,2,7,3],"tags":[20,9934,44,5030,8777,12882,12181,13094,8598],"class_list":["post-49405","post","type-post","status-publish","format-image","has-post-thumbnail","hentry","category-deliberando","category-diario-armstrong","category-locales","category-politica","category-region","tag-armstrong","tag-concejo-deliberante","tag-deliberando-2","tag-diario-armstrong","tag-lic-graciela-de-la-casa","tag-luz-marina-fischer-bloque-avancemos","tag-obra-publica-2","tag-polemica-2","tag-proyectos-2","post_format-post-format-image"],"jetpack_publicize_connections":[],"jetpack_featured_media_url":"https:\/\/armstrongyregion.com.ar\/diario\/wp-content\/uploads\/2026\/09\/LUZ-FISCHER-DELIBERANDO.jpg","jetpack_shortlink":"https:\/\/wp.me\/p62QDO-cQR","jetpack_sharing_enabled":true,"amp_enabled":true,"_links":{"self":[{"href":"https:\/\/armstrongyregion.com.ar\/diario\/wp-json\/wp\/v2\/posts\/49405","targetHints":{"allow":["GET"]}}],"collection":[{"href":"https:\/\/armstrongyregion.com.ar\/diario\/wp-json\/wp\/v2\/posts"}],"about":[{"href":"https:\/\/armstrongyregion.com.ar\/diario\/wp-json\/wp\/v2\/types\/post"}],"author":[{"embeddable":true,"href":"https:\/\/armstrongyregion.com.ar\/diario\/wp-json\/wp\/v2\/users\/1"}],"replies":[{"embeddable":true,"href":"https:\/\/armstrongyregion.com.ar\/diario\/wp-json\/wp\/v2\/comments?post=49405"}],"version-history":[{"count":1,"href":"https:\/\/armstrongyregion.com.ar\/diario\/wp-json\/wp\/v2\/posts\/49405\/revisions"}],"predecessor-version":[{"id":49407,"href":"https:\/\/armstrongyregion.com.ar\/diario\/wp-json\/wp\/v2\/posts\/49405\/revisions\/49407"}],"wp:featuredmedia":[{"embeddable":true,"href":"https:\/\/armstrongyregion.com.ar\/diario\/wp-json\/wp\/v2\/media\/49406"}],"wp:attachment":[{"href":"https:\/\/armstrongyregion.com.ar\/diario\/wp-json\/wp\/v2\/media?parent=49405"}],"wp:term":[{"taxonomy":"category","embeddable":true,"href":"https:\/\/armstrongyregion.com.ar\/diario\/wp-json\/wp\/v2\/categories?post=49405"},{"taxonomy":"post_tag","embeddable":true,"href":"https:\/\/armstrongyregion.com.ar\/diario\/wp-json\/wp\/v2\/tags?post=49405"}],"curies":[{"name":"wp","href":"https:\/\/api.w.org\/{rel}","templated":true}]}}