{"id":49403,"date":"2026-09-01T14:38:41","date_gmt":"2026-09-01T14:38:41","guid":{"rendered":"https:\/\/armstrongyregion.com.ar\/diario\/?p=49403"},"modified":"2026-09-01T14:38:43","modified_gmt":"2026-09-01T14:38:43","slug":"armstrong-orden-del-dia-1-de-septiembre-2","status":"publish","type":"post","link":"https:\/\/armstrongyregion.com.ar\/diario\/armstrong-orden-del-dia-1-de-septiembre-2\/","title":{"rendered":"Armstrong. Orden del D\u00eda 1\u00b0 de Septiembre."},"content":{"rendered":"\n<figure class=\"wp-block-image size-large\"><img loading=\"lazy\" decoding=\"async\" width=\"632\" height=\"480\" src=\"http:\/\/armstrongyregion.com.ar\/diario\/wp-content\/uploads\/2026\/03\/apertura-concejo-intendente-a--632x480.jpg\" alt=\"\" class=\"wp-image-48043\" srcset=\"https:\/\/armstrongyregion.com.ar\/diario\/wp-content\/uploads\/2026\/03\/apertura-concejo-intendente-a--632x480.jpg 632w, https:\/\/armstrongyregion.com.ar\/diario\/wp-content\/uploads\/2026\/03\/apertura-concejo-intendente-a--300x228.jpg 300w, https:\/\/armstrongyregion.com.ar\/diario\/wp-content\/uploads\/2026\/03\/apertura-concejo-intendente-a-.jpg 645w\" sizes=\"auto, (max-width: 632px) 100vw, 632px\" \/><figcaption class=\"wp-element-caption\">Screenshot<\/figcaption><\/figure>\n\n\n\n<p>1) ACTA ANTERIOR:<br>\uf0b7 ACTA SESI\u00d3N ORDINARIA No 1213<br>2) MENSAJES DEL D.E.:<br>A- PROYECTO DE ORD.: ACEPTACI\u00d3N DONACI\u00d3N DE LOTE.<br>3) CORRESPONDENCIA:<br>1- PARROQUIA NUESTRA SE\u00d1ORA DE LA MERCED: INVITACI\u00d3N A FIESTAS PATRONALES 2026.<br>2- DIRECCI\u00d3N DE LA ESCUELA N\u00b0 600: INVITACI\u00d3N A MUESTRA INTEGRAL DE TALLERES DE<br>PREVENCI\u00d3N.<br>4) DICT\u00c1MENES DE COMISIONES:<br>5) PROYECTOS DE CONCEJALES:<br>1- M.D.: DECLARACI\u00d3N DE INTER\u00c9S MUNICIPAL LA MUESTRA DE LOS TALLERES DE PREVENCI\u00d3N<br>ESC. 600 (BLOQUE UNIDOS).<br>2- M.C.: SOLICITUD AL DEM PARA QUE REALICE VEREDA COMUNITARIA Y RAMPA DE<br>ACCESIBILIDAD (BLOQUE UNIDOS).<br>3- ORD.: PROGRAMA MUNICIPAL MI PRIMER LOCAL (BLOQUE DE RENOVACI\u00d3N POR<br>ARMSTRONG).<br>4- M.C.: MANTENIMIENTO Y MEJORAMIENTO DE CALLE CHILE ENTRE PARAGUAY Y CALIFORNIA<br>(BLOQUE AVANCEMOS).<br>CONCEJO:<br>5- M.D.: D\u00cdA NACIONAL DE LA INDUSTRIA.<br>6- M.D.: D\u00cdA DEL TRABAJADOR METAL\u00daRGICO.<br>7- M.D.: D\u00cdA DEL AGRICULTOR.<br>8- M.D.: DECLARACI\u00d3N DE INTER\u00c9S MUNICIPAL JORNADA DE CAPACITACI\u00d3N DOCENTE<\/p>\n\n\n\n<p>INICIO DE LA SESI\u00d3N A LAS 19:30 HORAS.<br>(CON TOLERANCIA HASTA LAS 20:00 HORAS)<\/p>\n","protected":false},"excerpt":{"rendered":"<p>1) ACTA ANTERIOR:\uf0b7 ACTA SESI\u00d3N ORDINARIA No 12132) MENSAJES DEL D.E.:A- PROYECTO DE ORD.: ACEPTACI\u00d3N DONACI\u00d3N DE LOTE.3) CORRESPONDENCIA:1- PARROQUIA NUESTRA SE\u00d1ORA DE LA MERCED: INVITACI\u00d3N A FIESTAS PATRONALES 2026.2- DIRECCI\u00d3N DE LA ESCUELA N\u00b0 600: INVITACI\u00d3N A MUESTRA INTEGRAL DE TALLERES DEPREVENCI\u00d3N.4) DICT\u00c1MENES DE COMISIONES:5) PROYECTOS DE CONCEJALES:1- M.D.: DECLARACI\u00d3N DE INTER\u00c9S MUNICIPAL LA <a href=\"https:\/\/armstrongyregion.com.ar\/diario\/armstrong-orden-del-dia-1-de-septiembre-2\/\" title=\"Read more\" >&#8230;<\/a><\/p>\n","protected":false},"author":1,"featured_media":48043,"comment_status":"open","ping_status":"open","sticky":false,"template":"","format":"image","meta":{"_jetpack_memberships_contains_paid_content":false,"footnotes":"","jetpack_publicize_message":"","jetpack_publicize_feature_enabled":true,"jetpack_social_post_already_shared":true,"jetpack_social_options":{"image_generator_settings":{"template":"highway","default_image_id":0,"enabled":false},"version":2}},"categories":[8,1,2,7,3],"tags":[20,9934,5030,8777,10134],"class_list":["post-49403","post","type-post","status-publish","format-image","has-post-thumbnail","hentry","category-deliberando","category-diario-armstrong","category-locales","category-politica","category-region","tag-armstrong","tag-concejo-deliberante","tag-diario-armstrong","tag-lic-graciela-de-la-casa","tag-orden-del-dia-2","post_format-post-format-image"],"jetpack_publicize_connections":[],"jetpack_featured_media_url":"https:\/\/armstrongyregion.com.ar\/diario\/wp-content\/uploads\/2026\/03\/apertura-concejo-intendente-a-.jpg","jetpack_shortlink":"https:\/\/wp.me\/p62QDO-cQP","jetpack_sharing_enabled":true,"amp_enabled":true,"_links":{"self":[{"href":"https:\/\/armstrongyregion.com.ar\/diario\/wp-json\/wp\/v2\/posts\/49403","targetHints":{"allow":["GET"]}}],"collection":[{"href":"https:\/\/armstrongyregion.com.ar\/diario\/wp-json\/wp\/v2\/posts"}],"about":[{"href":"https:\/\/armstrongyregion.com.ar\/diario\/wp-json\/wp\/v2\/types\/post"}],"author":[{"embeddable":true,"href":"https:\/\/armstrongyregion.com.ar\/diario\/wp-json\/wp\/v2\/users\/1"}],"replies":[{"embeddable":true,"href":"https:\/\/armstrongyregion.com.ar\/diario\/wp-json\/wp\/v2\/comments?post=49403"}],"version-history":[{"count":1,"href":"https:\/\/armstrongyregion.com.ar\/diario\/wp-json\/wp\/v2\/posts\/49403\/revisions"}],"predecessor-version":[{"id":49404,"href":"https:\/\/armstrongyregion.com.ar\/diario\/wp-json\/wp\/v2\/posts\/49403\/revisions\/49404"}],"wp:featuredmedia":[{"embeddable":true,"href":"https:\/\/armstrongyregion.com.ar\/diario\/wp-json\/wp\/v2\/media\/48043"}],"wp:attachment":[{"href":"https:\/\/armstrongyregion.com.ar\/diario\/wp-json\/wp\/v2\/media?parent=49403"}],"wp:term":[{"taxonomy":"category","embeddable":true,"href":"https:\/\/armstrongyregion.com.ar\/diario\/wp-json\/wp\/v2\/categories?post=49403"},{"taxonomy":"post_tag","embeddable":true,"href":"https:\/\/armstrongyregion.com.ar\/diario\/wp-json\/wp\/v2\/tags?post=49403"}],"curies":[{"name":"wp","href":"https:\/\/api.w.org\/{rel}","templated":true}]}}