{"id":49400,"date":"2026-08-31T13:36:11","date_gmt":"2026-08-31T13:36:11","guid":{"rendered":"https:\/\/armstrongyregion.com.ar\/diario\/?p=49400"},"modified":"2026-08-31T13:36:13","modified_gmt":"2026-08-31T13:36:13","slug":"taller-gratuito-de-marketing-digital-para-potenciar-a-emprendedores-en-armstrong","status":"publish","type":"post","link":"https:\/\/armstrongyregion.com.ar\/diario\/taller-gratuito-de-marketing-digital-para-potenciar-a-emprendedores-en-armstrong\/","title":{"rendered":"Taller gratuito de Marketing Digital para potenciar a emprendedores en Armstrong."},"content":{"rendered":"\n<figure class=\"wp-block-image size-large\"><img loading=\"lazy\" decoding=\"async\" width=\"360\" height=\"480\" src=\"https:\/\/armstrongyregion.com.ar\/diario\/wp-content\/uploads\/2026\/08\/marketing-digital--360x480.jpg\" alt=\"\" class=\"wp-image-49401\" srcset=\"https:\/\/armstrongyregion.com.ar\/diario\/wp-content\/uploads\/2026\/08\/marketing-digital--360x480.jpg 360w, https:\/\/armstrongyregion.com.ar\/diario\/wp-content\/uploads\/2026\/08\/marketing-digital--225x300.jpg 225w, https:\/\/armstrongyregion.com.ar\/diario\/wp-content\/uploads\/2026\/08\/marketing-digital-.jpg 480w\" sizes=\"auto, (max-width: 360px) 100vw, 360px\" \/><\/figure>\n\n\n\n<p>La Municipalidad de Armstrong junto a la Direcci\u00f3n de Econom\u00eda Social de la Provincia de Santa Fe<br>invitan a la capacitaci\u00f3n sobre Introducci\u00f3n al Marketing Digital que se brindar\u00e1 el mi\u00e9rcoles 2 de<br>septiembre, a las 14 hs. en el sal\u00f3n Delmo Dar\u00f3.<br>Est\u00e1 destinada a un p\u00fablico emprendedor o que quiera asistir a un emprendimiento. Se necesita que<br>est\u00e9 alfabetizado digitalmente de modo b\u00e1sico con comprensi\u00f3n m\u00ednima de manejo de<br>smartphones, plataformas y apps.<br>La propuesta est\u00e1 pensada para brindar herramientas simples y pr\u00e1cticas a emprendedores y vecinos<br>de la localidad.<br>Se trabaja sobre la construcci\u00f3n de la identidad visual, la identificaci\u00f3n del p\u00fablico objetivo, la<br>planificaci\u00f3n de publicaciones en redes sociales y diferentes tips para potenciar la presencia digital<br>de cada emprendimiento.<br>Los interesados se pueden inscribir previamente en mesa de entrada del municipio \u00f3 directamente<br>en el lugar y horarios indicados.<\/p>\n","protected":false},"excerpt":{"rendered":"<p>La Municipalidad de Armstrong junto a la Direcci\u00f3n de Econom\u00eda Social de la Provincia de Santa Feinvitan a la capacitaci\u00f3n sobre Introducci\u00f3n al Marketing Digital que se brindar\u00e1 el mi\u00e9rcoles 2 deseptiembre, a las 14 hs. en el sal\u00f3n Delmo Dar\u00f3.Est\u00e1 destinada a un p\u00fablico emprendedor o que quiera asistir a un emprendimiento. Se necesita <a href=\"https:\/\/armstrongyregion.com.ar\/diario\/taller-gratuito-de-marketing-digital-para-potenciar-a-emprendedores-en-armstrong\/\" title=\"Read more\" >&#8230;<\/a><\/p>\n","protected":false},"author":1,"featured_media":49401,"comment_status":"open","ping_status":"open","sticky":false,"template":"","format":"image","meta":{"_jetpack_memberships_contains_paid_content":false,"footnotes":"","jetpack_publicize_message":"","jetpack_publicize_feature_enabled":true,"jetpack_social_post_already_shared":true,"jetpack_social_options":{"image_generator_settings":{"template":"highway","default_image_id":0,"enabled":false},"version":2}},"categories":[6,8,1,2,7,3],"tags":[20,5030,392,8777,13093,9585,13092],"class_list":["post-49400","post","type-post","status-publish","format-image","has-post-thumbnail","hentry","category-cultura-entretenimiento","category-deliberando","category-diario-armstrong","category-locales","category-politica","category-region","tag-armstrong","tag-diario-armstrong","tag-emprendedores","tag-lic-graciela-de-la-casa","tag-marketing-digital","tag-potenciar","tag-taller-gratuito","post_format-post-format-image"],"jetpack_publicize_connections":[],"jetpack_featured_media_url":"https:\/\/armstrongyregion.com.ar\/diario\/wp-content\/uploads\/2026\/08\/marketing-digital-.jpg","jetpack_shortlink":"https:\/\/wp.me\/p62QDO-cQM","jetpack_sharing_enabled":true,"amp_enabled":true,"_links":{"self":[{"href":"https:\/\/armstrongyregion.com.ar\/diario\/wp-json\/wp\/v2\/posts\/49400","targetHints":{"allow":["GET"]}}],"collection":[{"href":"https:\/\/armstrongyregion.com.ar\/diario\/wp-json\/wp\/v2\/posts"}],"about":[{"href":"https:\/\/armstrongyregion.com.ar\/diario\/wp-json\/wp\/v2\/types\/post"}],"author":[{"embeddable":true,"href":"https:\/\/armstrongyregion.com.ar\/diario\/wp-json\/wp\/v2\/users\/1"}],"replies":[{"embeddable":true,"href":"https:\/\/armstrongyregion.com.ar\/diario\/wp-json\/wp\/v2\/comments?post=49400"}],"version-history":[{"count":1,"href":"https:\/\/armstrongyregion.com.ar\/diario\/wp-json\/wp\/v2\/posts\/49400\/revisions"}],"predecessor-version":[{"id":49402,"href":"https:\/\/armstrongyregion.com.ar\/diario\/wp-json\/wp\/v2\/posts\/49400\/revisions\/49402"}],"wp:featuredmedia":[{"embeddable":true,"href":"https:\/\/armstrongyregion.com.ar\/diario\/wp-json\/wp\/v2\/media\/49401"}],"wp:attachment":[{"href":"https:\/\/armstrongyregion.com.ar\/diario\/wp-json\/wp\/v2\/media?parent=49400"}],"wp:term":[{"taxonomy":"category","embeddable":true,"href":"https:\/\/armstrongyregion.com.ar\/diario\/wp-json\/wp\/v2\/categories?post=49400"},{"taxonomy":"post_tag","embeddable":true,"href":"https:\/\/armstrongyregion.com.ar\/diario\/wp-json\/wp\/v2\/tags?post=49400"}],"curies":[{"name":"wp","href":"https:\/\/api.w.org\/{rel}","templated":true}]}}