{"id":4939,"date":"2015-11-10T13:45:59","date_gmt":"2015-11-10T13:45:59","guid":{"rendered":"https:\/\/armstrongyregion.com.ar\/diario\/?p=4939"},"modified":"2015-11-10T13:45:59","modified_gmt":"2015-11-10T13:45:59","slug":"orden-del-dia-10-de-noviembre","status":"publish","type":"post","link":"https:\/\/armstrongyregion.com.ar\/diario\/orden-del-dia-10-de-noviembre\/","title":{"rendered":"Orden del D\u00eda, 10 de noviembre."},"content":{"rendered":"<p><a href=\"http:\/\/armstrongyregion.com.ar\/diario\/wp-content\/uploads\/2015\/11\/concejo-deliberante-de-Armstrong.1.jpg\"><img loading=\"lazy\" decoding=\"async\" class=\"alignnone size-medium wp-image-4940\" src=\"http:\/\/armstrongyregion.com.ar\/diario\/wp-content\/uploads\/2015\/11\/concejo-deliberante-de-Armstrong.1-300x225.jpg\" alt=\"concejo-deliberante-de-Armstrong.1\" width=\"300\" height=\"225\" srcset=\"https:\/\/armstrongyregion.com.ar\/diario\/wp-content\/uploads\/2015\/11\/concejo-deliberante-de-Armstrong.1-300x225.jpg 300w, https:\/\/armstrongyregion.com.ar\/diario\/wp-content\/uploads\/2015\/11\/concejo-deliberante-de-Armstrong.1.jpg 668w\" sizes=\"auto, (max-width: 300px) 100vw, 300px\" \/><\/a>1- ACTA SESI\u00d3N N\u00ba 880.<\/p>\n<p>2- MENSAJES DEL D.E.:<\/p>\n<p>A- INVITACI\u00d3N A LA SEMANA DE LA TRADICI\u00d3N 2015.<br \/>\nB- INAUGURACI\u00d3N DEL IX SAL\u00d3N TEXTIL DE PRIMAVERA.<br \/>\nC- PROYECTO DE PRESUPUESTO MUNICIPAL PARA EL EJERCICIO 2016.<br \/>\nD- INCREMENTO EN EL IMPUESTO DE PATENTE \u00daNICA SOBRE VEH\u00cdCULOS.<\/p>\n<p>3- CORRESPONDENCIAS:<\/p>\n<p>A- ESCUELA N\u00ba 262: ACTO DE GRADUACI\u00d3N DE ALUMNOS DE S\u00c9PTIMO GRADO 2.015.<\/p>\n<p>4- DICTAMENES DE COMISIONES:<\/p>\n<p>A- COMISI\u00d3N DE INTERPRETACI\u00d3N Y GOBIERNO: INTER\u00c9S MUNICIPAL PARA EL PROYECTO DE INVERSI\u00d3N DENOMINADO DESAG\u00dcES PLUVIALES PRIMERA ETAPA DE CORD\u00d3N CUNETA, PARA EL \u00c1REA INDUSTRIAL MIXTA DE ARMSTRONG.<\/p>\n<p>5- PROYECTOS DE CONCEJALES:<\/p>\n<p>A- BLOQUE DE FRENTE PROGRESISTA, C\u00cdVICO Y SOCIAL:<\/p>\n<p>1- RES.: D\u00cdA MUNDIAL DE LA DIABETES.<\/p>\n<p>B- BLOQUE DE RENOVACI\u00d3N POR ARMSTRONG:<\/p>\n<p>2- MC.: INFORMACI\u00d3N SOBRE EL SISTEMA DE C\u00c1MARAS DE SEGURIDAD QUE HAY EN LA CIUDAD.-<\/p>\n<p>C- BLOQUE DE UNIDAD JUSTICIALISTA:<\/p>\n<p>3- MC.: INFORMACI\u00d3N SOBRE FONDO FEDERAL SOLIDARIO.-<\/p>\n<p>D- BLOQUE DE LA GRAN ARGENTINA \u2013 PARTIDO JUSTICIALISTA:<\/p>\n<p>4- MC.: ARREGLO DE CALZADA EN CALLEJUELA PER\u00da INTERSECCI\u00d3N CON CALLE CALIFORNIA.<br \/>\n5- ORD.: CREACI\u00d3N DE LA DIRECCI\u00d3N DE PREVENCI\u00d3N Y LUCHA CONTRA LAS CONDUCTAS ADICTIVAS.<\/p>\n<p>E- CONCEJO:<\/p>\n<p>6- RES.: EXIMICI\u00d3N DE TASAS MUNICIPALES PARA PERSONAS CON DISCAPACIDAD.<br \/>\nINICIO A LAS 20:00 HORAS.-<\/p>\n","protected":false},"excerpt":{"rendered":"<p>1- ACTA SESI\u00d3N N\u00ba 880. 2- MENSAJES DEL D.E.: A- INVITACI\u00d3N A LA SEMANA DE LA TRADICI\u00d3N 2015. B- INAUGURACI\u00d3N DEL IX SAL\u00d3N TEXTIL DE PRIMAVERA. C- PROYECTO DE PRESUPUESTO MUNICIPAL PARA EL EJERCICIO 2016. D- INCREMENTO EN EL IMPUESTO DE PATENTE \u00daNICA SOBRE VEH\u00cdCULOS. 3- CORRESPONDENCIAS: A- ESCUELA N\u00ba 262: ACTO DE GRADUACI\u00d3N DE <a href=\"https:\/\/armstrongyregion.com.ar\/diario\/orden-del-dia-10-de-noviembre\/\" title=\"Read more\" >&#8230;<\/a><\/p>\n","protected":false},"author":2,"featured_media":4940,"comment_status":"open","ping_status":"open","sticky":false,"template":"","format":"standard","meta":{"_jetpack_memberships_contains_paid_content":false,"footnotes":"","jetpack_publicize_message":"","jetpack_publicize_feature_enabled":true,"jetpack_social_post_already_shared":false,"jetpack_social_options":{"image_generator_settings":{"template":"highway","default_image_id":0,"enabled":false},"version":2}},"categories":[1,2,7],"tags":[1382,19,53,793,2866,1570],"class_list":["post-4939","post","type-post","status-publish","format-standard","has-post-thumbnail","hentry","category-diario-armstrong","category-locales","category-politica","tag-1382","tag-de","tag-del","tag-dia","tag-noviembre","tag-orden"],"jetpack_publicize_connections":[],"jetpack_featured_media_url":"https:\/\/armstrongyregion.com.ar\/diario\/wp-content\/uploads\/2015\/11\/concejo-deliberante-de-Armstrong.1.jpg","jetpack_shortlink":"https:\/\/wp.me\/p62QDO-1hF","jetpack_sharing_enabled":true,"amp_enabled":true,"_links":{"self":[{"href":"https:\/\/armstrongyregion.com.ar\/diario\/wp-json\/wp\/v2\/posts\/4939","targetHints":{"allow":["GET"]}}],"collection":[{"href":"https:\/\/armstrongyregion.com.ar\/diario\/wp-json\/wp\/v2\/posts"}],"about":[{"href":"https:\/\/armstrongyregion.com.ar\/diario\/wp-json\/wp\/v2\/types\/post"}],"author":[{"embeddable":true,"href":"https:\/\/armstrongyregion.com.ar\/diario\/wp-json\/wp\/v2\/users\/2"}],"replies":[{"embeddable":true,"href":"https:\/\/armstrongyregion.com.ar\/diario\/wp-json\/wp\/v2\/comments?post=4939"}],"version-history":[{"count":0,"href":"https:\/\/armstrongyregion.com.ar\/diario\/wp-json\/wp\/v2\/posts\/4939\/revisions"}],"wp:featuredmedia":[{"embeddable":true,"href":"https:\/\/armstrongyregion.com.ar\/diario\/wp-json\/wp\/v2\/media\/4940"}],"wp:attachment":[{"href":"https:\/\/armstrongyregion.com.ar\/diario\/wp-json\/wp\/v2\/media?parent=4939"}],"wp:term":[{"taxonomy":"category","embeddable":true,"href":"https:\/\/armstrongyregion.com.ar\/diario\/wp-json\/wp\/v2\/categories?post=4939"},{"taxonomy":"post_tag","embeddable":true,"href":"https:\/\/armstrongyregion.com.ar\/diario\/wp-json\/wp\/v2\/tags?post=4939"}],"curies":[{"name":"wp","href":"https:\/\/api.w.org\/{rel}","templated":true}]}}