{"id":4935,"date":"2015-11-10T12:32:36","date_gmt":"2015-11-10T12:32:36","guid":{"rendered":"https:\/\/armstrongyregion.com.ar\/diario\/?p=4935"},"modified":"2015-11-10T12:35:56","modified_gmt":"2015-11-10T12:35:56","slug":"este-martes-en-deliberando-politica-local-e-internacional","status":"publish","type":"post","link":"https:\/\/armstrongyregion.com.ar\/diario\/este-martes-en-deliberando-politica-local-e-internacional\/","title":{"rendered":"Este martes en DELIBERANDO, pol\u00edtica regional e internacional."},"content":{"rendered":"<p><a href=\"http:\/\/armstrongyregion.com.ar\/diario\/wp-content\/uploads\/2015\/11\/IMG_1142.jpg\"><img loading=\"lazy\" decoding=\"async\" class=\"alignnone size-medium wp-image-4936\" src=\"http:\/\/armstrongyregion.com.ar\/diario\/wp-content\/uploads\/2015\/11\/IMG_1142-300x200.jpg\" alt=\"Javier_Meyer\" width=\"300\" height=\"200\" srcset=\"https:\/\/armstrongyregion.com.ar\/diario\/wp-content\/uploads\/2015\/11\/IMG_1142-300x200.jpg 300w, https:\/\/armstrongyregion.com.ar\/diario\/wp-content\/uploads\/2015\/11\/IMG_1142-1024x683.jpg 1024w\" sizes=\"auto, (max-width: 300px) 100vw, 300px\" \/><\/a>El Frente Cambiemos, obtuvo la intendencia de la ciudad de Las Rosas, erigiendo como intendente a Javier Meyer. En DELIBERANDO, marcar\u00e1 como se manejar\u00e1 desde el 10 de diciembre, como optimizar los dineros municipales y establecer un organigrama de personal acorde con la econom\u00eda de la ciudad.<\/p>\n<p>El Mercosur, tendr\u00e1 desde este a\u00f1o representaci\u00f3n legislativa elegida por el voto popular. Quien asumir\u00e1 en representaci\u00f3n de Santa Fe, el intendente de Las Parejas, Diego Mansilla, quien destac\u00f3 la importancia de tener este tipo de representaciones para el desarrollo regional de todas sus modalidades. Darle al norte santafesino el desarrollo necesario para una mejor calidad de vida.<\/p>\n<p>Todo este martes en DELIBERANDO con la conducci\u00f3n de la licenciada Graciela de la Casa y Oscar Crispino.<\/p>\n<p>Todos estos temas, hoy martes 21hs en Deliberando, Cable Imagen Armstrong.<\/p>\n<p>Jueves 21hs Cablevisi\u00f3n.<\/p>\n","protected":false},"excerpt":{"rendered":"<p>El Frente Cambiemos, obtuvo la intendencia de la ciudad de Las Rosas, erigiendo como intendente a Javier Meyer. En DELIBERANDO, marcar\u00e1 como se manejar\u00e1 desde el 10 de diciembre, como optimizar los dineros municipales y establecer un organigrama de personal acorde con la econom\u00eda de la ciudad. El Mercosur, tendr\u00e1 desde este a\u00f1o representaci\u00f3n legislativa <a href=\"https:\/\/armstrongyregion.com.ar\/diario\/este-martes-en-deliberando-politica-local-e-internacional\/\" title=\"Read more\" >&#8230;<\/a><\/p>\n","protected":false},"author":2,"featured_media":4936,"comment_status":"open","ping_status":"open","sticky":false,"template":"","format":"standard","meta":{"_jetpack_memberships_contains_paid_content":false,"footnotes":"","jetpack_publicize_message":"","jetpack_publicize_feature_enabled":true,"jetpack_social_post_already_shared":false,"jetpack_social_options":{"image_generator_settings":{"template":"highway","default_image_id":0,"enabled":false},"version":2}},"categories":[8,1,2,7,3],"tags":[44,448,15,162,319,1200,327,1491],"class_list":["post-4935","post","type-post","status-publish","format-standard","has-post-thumbnail","hentry","category-deliberando","category-diario-armstrong","category-locales","category-politica","category-region","tag-deliberando-2","tag-e","tag-en","tag-este","tag-internacional","tag-local","tag-martes","tag-politica-2"],"jetpack_publicize_connections":[],"jetpack_featured_media_url":"https:\/\/armstrongyregion.com.ar\/diario\/wp-content\/uploads\/2015\/11\/IMG_1142.jpg","jetpack_shortlink":"https:\/\/wp.me\/p62QDO-1hB","jetpack_sharing_enabled":true,"amp_enabled":true,"_links":{"self":[{"href":"https:\/\/armstrongyregion.com.ar\/diario\/wp-json\/wp\/v2\/posts\/4935","targetHints":{"allow":["GET"]}}],"collection":[{"href":"https:\/\/armstrongyregion.com.ar\/diario\/wp-json\/wp\/v2\/posts"}],"about":[{"href":"https:\/\/armstrongyregion.com.ar\/diario\/wp-json\/wp\/v2\/types\/post"}],"author":[{"embeddable":true,"href":"https:\/\/armstrongyregion.com.ar\/diario\/wp-json\/wp\/v2\/users\/2"}],"replies":[{"embeddable":true,"href":"https:\/\/armstrongyregion.com.ar\/diario\/wp-json\/wp\/v2\/comments?post=4935"}],"version-history":[{"count":0,"href":"https:\/\/armstrongyregion.com.ar\/diario\/wp-json\/wp\/v2\/posts\/4935\/revisions"}],"wp:featuredmedia":[{"embeddable":true,"href":"https:\/\/armstrongyregion.com.ar\/diario\/wp-json\/wp\/v2\/media\/4936"}],"wp:attachment":[{"href":"https:\/\/armstrongyregion.com.ar\/diario\/wp-json\/wp\/v2\/media?parent=4935"}],"wp:term":[{"taxonomy":"category","embeddable":true,"href":"https:\/\/armstrongyregion.com.ar\/diario\/wp-json\/wp\/v2\/categories?post=4935"},{"taxonomy":"post_tag","embeddable":true,"href":"https:\/\/armstrongyregion.com.ar\/diario\/wp-json\/wp\/v2\/tags?post=4935"}],"curies":[{"name":"wp","href":"https:\/\/api.w.org\/{rel}","templated":true}]}}