{"id":4883,"date":"2015-11-06T16:04:22","date_gmt":"2015-11-06T16:04:22","guid":{"rendered":"https:\/\/armstrongyregion.com.ar\/diario\/?p=4883"},"modified":"2015-11-06T16:04:22","modified_gmt":"2015-11-06T16:04:22","slug":"el-sur-provincial-celebra-el-dia-del-comercio-en-las-parejas","status":"publish","type":"post","link":"https:\/\/armstrongyregion.com.ar\/diario\/el-sur-provincial-celebra-el-dia-del-comercio-en-las-parejas\/","title":{"rendered":"El sur provincial celebra el D\u00eda del comercio en Las Parejas."},"content":{"rendered":"<p><a href=\"http:\/\/armstrongyregion.com.ar\/diario\/wp-content\/uploads\/2015\/11\/empleado-de-comercio.jpg\"><img loading=\"lazy\" decoding=\"async\" class=\"alignnone size-medium wp-image-4884\" src=\"http:\/\/armstrongyregion.com.ar\/diario\/wp-content\/uploads\/2015\/11\/empleado-de-comercio-300x204.jpg\" alt=\"empleado-de-comercio\" width=\"300\" height=\"204\" srcset=\"https:\/\/armstrongyregion.com.ar\/diario\/wp-content\/uploads\/2015\/11\/empleado-de-comercio-300x204.jpg 300w, https:\/\/armstrongyregion.com.ar\/diario\/wp-content\/uploads\/2015\/11\/empleado-de-comercio.jpg 640w\" sizes=\"auto, (max-width: 300px) 100vw, 300px\" \/><\/a>La Asociaci\u00f3n de Entidades Empresarias del Sur Santafesino (ADEESSA) conmemorar\u00e1 esta noche el D\u00eda del Comercio 2015 en la ciudad de Las Parejas reuniendo a empresarios de toda la provincia y entregando por septimo a\u00f1o consecutivo la Distinci\u00f3n al M\u00e9rito Comercial.<br \/>\nEl Vice Gobernador de Santa Fe Jorge Henn, funcionarios de la Secretaria de Comercio de la Naci\u00f3n, del Ministerio de la Producci\u00f3n de Santa Fe, Senadores y Diputados Provinciales junto a autoridades municipales y comunales participar\u00e1n de este importante encuentro empresario.<br \/>\nEste encuentro anual organizado por ADEESSA celebra y pone en valor al sector comercio y servicios, en nuestro pa\u00eds, en la provincia y en la vida cotidiana de nuestras comunidades, un sector que es vital en la actividad econ\u00f3mica, en las cadenas de valor, en el empleo y autoempleo, en la satisfacci\u00f3n de las necesidades de las personas, que en muchos casos son: lugares de encuentro y socializaci\u00f3n, comunicaci\u00f3n y aprovisionamiento, entre otros.<br \/>\nDurante la velada, la entidad presidida por el CP Beltr\u00e1n L\u00f3pez, entregar\u00e1 la Distinci\u00f3n al M\u00e9rito Comercial 2015, la misma tiene como prop\u00f3sito distinguir y alentar, anualmente, a las empresas del sector comercio y servicios de la Provincia de Santa Fe, haci\u00e9ndolas merecedoras de este reconocimiento, por su trayectoria, crecimiento, inversiones realizadas y generaci\u00f3n de mano de obra.<br \/>\nEn el 2015, treinta y un empresas comerciales y de servicios recibir\u00e1n el merecido reconocimiento:<br \/>\n1- ORAZI AUOTOMOTORES de Villa Gobernador G\u00e1lvez<br \/>\n2- PANADERIA LA VENECIANA de Villa Constituci\u00f3n<br \/>\n3- BOUTIQUE LA NONA de Villa Constituci\u00f3n<br \/>\n4- CALZALINDO de Venado Tuerto<br \/>\n5- CASA DE LOS HERRAJES de Venado Tuerto<br \/>\n6- DANIEL LOPEZ de Teodelina<br \/>\n7- ROGELIO Y OSCAR MORELLI de San Jos\u00e9 de la Esquina<br \/>\n8- PRINCE CEREALES S.R.L. de San Jos\u00e9 de la Esquina<br \/>\n9- CASA QUARANTA de San Jorge<br \/>\n10- CASA GUIDETTI de San Genaro<br \/>\n12- FARMACIA GUALTIERI de P\u00e9rez<br \/>\n13- A &amp; A DE EDUARDO FABRICHINI de Las Rosas<br \/>\n14- PIEROBON NEUMATICOS SRL de Las Parejas<br \/>\n15- RADIO LAS PAREJAS 95.5 de Las Parejas<br \/>\n16- AGUA Y SODA SRL de Funes<br \/>\n17- CALZADOS JR de Fray Luis Beltr\u00e1n<br \/>\n18-TUAMOTO FIRMAT de Firmat<br \/>\n19- PANIFICADORA CHABAS de Chab\u00e1s<br \/>\n20- ELENO HOGAR de Correa<br \/>\n21- AUTOSUR SA de Caseros<br \/>\n22- AUTOSERVICIO CAVO de Carcara\u00f1\u00e1<br \/>\n23- FERRETER\u00cdA MIGUEL ANGEL de Carcara\u00f1\u00e1<br \/>\n24- MAMMOLITI HOGAR de Capit\u00e1n Berm\u00fadez<br \/>\n25-HELADOS CARO de Capit\u00e1n Berm\u00fadez<br \/>\n26- DPM S.A. de Carlos Pellegrini<br \/>\n27- HIPERMERCADO BORBOTTI de Ca\u00f1ada de G\u00f3mez<br \/>\n28- PANADER\u00cdA CENTENARIO de Ca\u00f1ada de G\u00f3mez<br \/>\n29- CRISTIAN HOGAR de Barrancas<br \/>\n30- ABERTURAS 2001 de Arroyo Seco<br \/>\n31- RIVIERA SA. de Rosario<\/p>\n","protected":false},"excerpt":{"rendered":"<p>La Asociaci\u00f3n de Entidades Empresarias del Sur Santafesino (ADEESSA) conmemorar\u00e1 esta noche el D\u00eda del Comercio 2015 en la ciudad de Las Parejas reuniendo a empresarios de toda la provincia y entregando por septimo a\u00f1o consecutivo la Distinci\u00f3n al M\u00e9rito Comercial. El Vice Gobernador de Santa Fe Jorge Henn, funcionarios de la Secretaria de Comercio <a href=\"https:\/\/armstrongyregion.com.ar\/diario\/el-sur-provincial-celebra-el-dia-del-comercio-en-las-parejas\/\" title=\"Read more\" >&#8230;<\/a><\/p>\n","protected":false},"author":2,"featured_media":4884,"comment_status":"open","ping_status":"open","sticky":false,"template":"","format":"standard","meta":{"_jetpack_memberships_contains_paid_content":false,"footnotes":"","jetpack_publicize_message":"","jetpack_publicize_feature_enabled":true,"jetpack_social_post_already_shared":false,"jetpack_social_options":{"image_generator_settings":{"template":"highway","default_image_id":0,"enabled":false},"version":2}},"categories":[1,2,3],"tags":[1997,125,53,793,16,15,23,24,928,954],"class_list":["post-4883","post","type-post","status-publish","format-standard","has-post-thumbnail","hentry","category-diario-armstrong","category-locales","category-region","tag-celebra","tag-comercio","tag-del","tag-dia","tag-el","tag-en","tag-las","tag-parejas","tag-provincial","tag-sur"],"jetpack_publicize_connections":[],"jetpack_featured_media_url":"https:\/\/armstrongyregion.com.ar\/diario\/wp-content\/uploads\/2015\/11\/empleado-de-comercio.jpg","jetpack_shortlink":"https:\/\/wp.me\/p62QDO-1gL","jetpack_sharing_enabled":true,"amp_enabled":true,"_links":{"self":[{"href":"https:\/\/armstrongyregion.com.ar\/diario\/wp-json\/wp\/v2\/posts\/4883","targetHints":{"allow":["GET"]}}],"collection":[{"href":"https:\/\/armstrongyregion.com.ar\/diario\/wp-json\/wp\/v2\/posts"}],"about":[{"href":"https:\/\/armstrongyregion.com.ar\/diario\/wp-json\/wp\/v2\/types\/post"}],"author":[{"embeddable":true,"href":"https:\/\/armstrongyregion.com.ar\/diario\/wp-json\/wp\/v2\/users\/2"}],"replies":[{"embeddable":true,"href":"https:\/\/armstrongyregion.com.ar\/diario\/wp-json\/wp\/v2\/comments?post=4883"}],"version-history":[{"count":0,"href":"https:\/\/armstrongyregion.com.ar\/diario\/wp-json\/wp\/v2\/posts\/4883\/revisions"}],"wp:featuredmedia":[{"embeddable":true,"href":"https:\/\/armstrongyregion.com.ar\/diario\/wp-json\/wp\/v2\/media\/4884"}],"wp:attachment":[{"href":"https:\/\/armstrongyregion.com.ar\/diario\/wp-json\/wp\/v2\/media?parent=4883"}],"wp:term":[{"taxonomy":"category","embeddable":true,"href":"https:\/\/armstrongyregion.com.ar\/diario\/wp-json\/wp\/v2\/categories?post=4883"},{"taxonomy":"post_tag","embeddable":true,"href":"https:\/\/armstrongyregion.com.ar\/diario\/wp-json\/wp\/v2\/tags?post=4883"}],"curies":[{"name":"wp","href":"https:\/\/api.w.org\/{rel}","templated":true}]}}