{"id":4868,"date":"2015-11-06T00:10:13","date_gmt":"2015-11-06T00:10:13","guid":{"rendered":"https:\/\/armstrongyregion.com.ar\/diario\/?p=4868"},"modified":"2015-11-06T00:10:13","modified_gmt":"2015-11-06T00:10:13","slug":"armstrong-comunicado-barrio-de-las-36-viviendas","status":"publish","type":"post","link":"https:\/\/armstrongyregion.com.ar\/diario\/armstrong-comunicado-barrio-de-las-36-viviendas\/","title":{"rendered":"Armstrong. Comunicado Barrio de las 36 viviendas."},"content":{"rendered":"<p><a href=\"http:\/\/armstrongyregion.com.ar\/diario\/wp-content\/uploads\/2015\/11\/36-viviendas-Armstrong-Region.jpg\"><img loading=\"lazy\" decoding=\"async\" class=\"alignnone size-medium wp-image-4869\" src=\"http:\/\/armstrongyregion.com.ar\/diario\/wp-content\/uploads\/2015\/11\/36-viviendas-Armstrong-Region-300x196.jpg\" alt=\"36 viviendas-Armstrong-Region\" width=\"300\" height=\"196\" srcset=\"https:\/\/armstrongyregion.com.ar\/diario\/wp-content\/uploads\/2015\/11\/36-viviendas-Armstrong-Region-300x196.jpg 300w, https:\/\/armstrongyregion.com.ar\/diario\/wp-content\/uploads\/2015\/11\/36-viviendas-Armstrong-Region.jpg 768w\" sizes=\"auto, (max-width: 300px) 100vw, 300px\" \/><\/a>La Municipalidad de Armstrong informa que el padr\u00f3n provisorio para la adjudicaci\u00f3n de 9 viviendas, del barrio de 36, estar\u00e1 expuesto en el edificio municipal hasta el d\u00eda 11 de noviembre inclusive, de 7 a 13 hs.<\/p>\n<p>Se solicita a los inscriptos acercarse a verificar la exactitud de los datos registrados, de lo contrario deber\u00e1n solicitar turno para ser atendidos por personal del Gobierno provincial con motivo de subsanar cualquier irregularidad.<\/p>\n<p>Luego del d\u00eda 11 quedar\u00e1 conformado el padr\u00f3n definitivo con un n\u00famero asignado a cada familia para ser incluido en el correspondiente sorteo.<\/p>\n","protected":false},"excerpt":{"rendered":"<p>La Municipalidad de Armstrong informa que el padr\u00f3n provisorio para la adjudicaci\u00f3n de 9 viviendas, del barrio de 36, estar\u00e1 expuesto en el edificio municipal hasta el d\u00eda 11 de noviembre inclusive, de 7 a 13 hs. Se solicita a los inscriptos acercarse a verificar la exactitud de los datos registrados, de lo contrario deber\u00e1n <a href=\"https:\/\/armstrongyregion.com.ar\/diario\/armstrong-comunicado-barrio-de-las-36-viviendas\/\" title=\"Read more\" >&#8230;<\/a><\/p>\n","protected":false},"author":2,"featured_media":4869,"comment_status":"open","ping_status":"open","sticky":false,"template":"","format":"standard","meta":{"_jetpack_memberships_contains_paid_content":false,"footnotes":"","jetpack_publicize_message":"","jetpack_publicize_feature_enabled":true,"jetpack_social_post_already_shared":false,"jetpack_social_options":{"image_generator_settings":{"template":"highway","default_image_id":0,"enabled":false},"version":2}},"categories":[1,2],"tags":[3089],"class_list":["post-4868","post","type-post","status-publish","format-standard","has-post-thumbnail","hentry","category-diario-armstrong","category-locales","tag-barrio-36-viviendas"],"jetpack_publicize_connections":[],"jetpack_featured_media_url":"https:\/\/armstrongyregion.com.ar\/diario\/wp-content\/uploads\/2015\/11\/36-viviendas-Armstrong-Region.jpg","jetpack_shortlink":"https:\/\/wp.me\/p62QDO-1gw","jetpack_sharing_enabled":true,"amp_enabled":true,"_links":{"self":[{"href":"https:\/\/armstrongyregion.com.ar\/diario\/wp-json\/wp\/v2\/posts\/4868","targetHints":{"allow":["GET"]}}],"collection":[{"href":"https:\/\/armstrongyregion.com.ar\/diario\/wp-json\/wp\/v2\/posts"}],"about":[{"href":"https:\/\/armstrongyregion.com.ar\/diario\/wp-json\/wp\/v2\/types\/post"}],"author":[{"embeddable":true,"href":"https:\/\/armstrongyregion.com.ar\/diario\/wp-json\/wp\/v2\/users\/2"}],"replies":[{"embeddable":true,"href":"https:\/\/armstrongyregion.com.ar\/diario\/wp-json\/wp\/v2\/comments?post=4868"}],"version-history":[{"count":0,"href":"https:\/\/armstrongyregion.com.ar\/diario\/wp-json\/wp\/v2\/posts\/4868\/revisions"}],"wp:featuredmedia":[{"embeddable":true,"href":"https:\/\/armstrongyregion.com.ar\/diario\/wp-json\/wp\/v2\/media\/4869"}],"wp:attachment":[{"href":"https:\/\/armstrongyregion.com.ar\/diario\/wp-json\/wp\/v2\/media?parent=4868"}],"wp:term":[{"taxonomy":"category","embeddable":true,"href":"https:\/\/armstrongyregion.com.ar\/diario\/wp-json\/wp\/v2\/categories?post=4868"},{"taxonomy":"post_tag","embeddable":true,"href":"https:\/\/armstrongyregion.com.ar\/diario\/wp-json\/wp\/v2\/tags?post=4868"}],"curies":[{"name":"wp","href":"https:\/\/api.w.org\/{rel}","templated":true}]}}