{"id":48475,"date":"2026-04-30T12:18:07","date_gmt":"2026-04-30T12:18:07","guid":{"rendered":"https:\/\/armstrongyregion.com.ar\/diario\/?p=48475"},"modified":"2026-04-30T12:18:09","modified_gmt":"2026-04-30T12:18:09","slug":"inclusion-real-el-concejal-rodrigo-migliozzi-impulsa-un-programa-de-acompanamiento-laboral-para-personas-con-discapacidad","status":"publish","type":"post","link":"https:\/\/armstrongyregion.com.ar\/diario\/inclusion-real-el-concejal-rodrigo-migliozzi-impulsa-un-programa-de-acompanamiento-laboral-para-personas-con-discapacidad\/","title":{"rendered":"Inclusi\u00f3n real: El concejal Rodrigo Migliozzi impulsa un programa de acompa\u00f1amiento laboral para personas con discapacidad."},"content":{"rendered":"\n<figure class=\"wp-block-image size-large\"><img loading=\"lazy\" decoding=\"async\" width=\"640\" height=\"480\" src=\"http:\/\/armstrongyregion.com.ar\/diario\/wp-content\/uploads\/2026\/03\/RODRIGO-MIGLIOZZI-26--640x480.jpg\" alt=\"\" class=\"wp-image-48102\" srcset=\"https:\/\/armstrongyregion.com.ar\/diario\/wp-content\/uploads\/2026\/03\/RODRIGO-MIGLIOZZI-26--640x480.jpg 640w, https:\/\/armstrongyregion.com.ar\/diario\/wp-content\/uploads\/2026\/03\/RODRIGO-MIGLIOZZI-26--300x225.jpg 300w, https:\/\/armstrongyregion.com.ar\/diario\/wp-content\/uploads\/2026\/03\/RODRIGO-MIGLIOZZI-26-.jpg 714w\" sizes=\"auto, (max-width: 640px) 100vw, 640px\" \/><\/figure>\n\n\n\n<h2 class=\"wp-block-heading\">A trav\u00e9s de una minuta de comunicaci\u00f3n, el edil del bloque Unidos present\u00f3 las bases de un ambicioso proyecto que busca brindar formaci\u00f3n en oficios, soporte profesional y convenios con empresas locales para j\u00f3venes y adultos que egresan del sistema educativo especial.<\/h2>\n\n\n\n<p>Tras la sesi\u00f3n del pasado martes 28 de abril, el concejal Rodrigo Migliozzi brind\u00f3 detalles sobre una iniciativa que combina su labor legislativa con su amplia trayectoria como profesional de la salud. Se trata de un programa de formaci\u00f3n y acompa\u00f1amiento laboral y social destinado a personas con discapacidad y a quienes han transitado situaciones como accidentes cerebrovasculares (ACV).<\/p>\n\n\n\n<p><strong>\u201cHace a\u00f1os que trabajo con estas personas en el consultorio. Vemos que los ni\u00f1os crecen, egresan de la escuela especial y surge la necesidad imperiosa de acompa\u00f1arlos en la b\u00fasqueda laboral y social\u201d<\/strong>, explic\u00f3 Migliozzi. El proyecto, que ya se est\u00e1 articulando con el Ejecutivo Municipal, busca no solo la capacitaci\u00f3n, sino tambi\u00e9n la inserci\u00f3n real en el mercado laboral de Armstrong.<\/p>\n\n\n\n<p><strong>Recursos y articulaci\u00f3n institucional<\/strong> <\/p>\n\n\n\n<p>El edil subray\u00f3 que para que la propuesta sea sostenible en el tiempo, es fundamental la participaci\u00f3n de las \u00e1reas de Promoci\u00f3n Comunitaria, Contadur\u00eda y Legales. <strong>\u00abNecesitamos recursos humanos y econ\u00f3micos. Hablamos de un soporte que incluya abogac\u00eda, trabajo social y psicolog\u00eda para sostener este proceso\u00bb, <\/strong>detall\u00f3.<\/p>\n\n\n\n<p>Asimismo, adelant\u00f3 que se est\u00e1 gestionando con el municipio la posibilidad de contar con un espacio f\u00edsico adecuado y la maquinaria necesaria para dictar talleres de oficio.<strong> \u00abEl trabajo dignifica. Queremos generar acuerdos con empresas y negocios locales, pero siempre escuchando el deseo de cada persona, sin guiar ni direccionar, sino acompa\u00f1ando sus necesidades\u00bb, <\/strong>enfatiz\u00f3.<\/p>\n\n\n\n<p><strong>Sinton\u00eda con la austeridad<\/strong> <\/p>\n\n\n\n<p>En otro orden de temas, Migliozzi se refiri\u00f3 a la reducci\u00f3n de gastos en la pol\u00edtica local, coincidiendo con la postura del Ejecutivo y el bloque oficialista. Destac\u00f3 que Armstrong viene marcando un camino de coherencia, mencionando la reducci\u00f3n de secretar\u00edas municipales y la reciente iniciativa para disminuir el n\u00famero de bancas en el Concejo, medidas que buscan optimizar los recursos de los ciudadanos frente a un contexto nacional complejo.<\/p>\n","protected":false},"excerpt":{"rendered":"<p>A trav\u00e9s de una minuta de comunicaci\u00f3n, el edil del bloque Unidos present\u00f3 las bases de un ambicioso proyecto que busca brindar formaci\u00f3n en oficios, soporte profesional y convenios con empresas locales para j\u00f3venes y adultos que egresan del sistema educativo especial. Tras la sesi\u00f3n del pasado martes 28 de abril, el concejal Rodrigo Migliozzi <a href=\"https:\/\/armstrongyregion.com.ar\/diario\/inclusion-real-el-concejal-rodrigo-migliozzi-impulsa-un-programa-de-acompanamiento-laboral-para-personas-con-discapacidad\/\" title=\"Read more\" >&#8230;<\/a><\/p>\n","protected":false},"author":1,"featured_media":48102,"comment_status":"open","ping_status":"open","sticky":false,"template":"","format":"image","meta":{"_jetpack_memberships_contains_paid_content":false,"footnotes":"","jetpack_publicize_message":"","jetpack_publicize_feature_enabled":true,"jetpack_social_post_already_shared":true,"jetpack_social_options":{"image_generator_settings":{"template":"highway","default_image_id":0,"enabled":false},"version":2}},"categories":[8,1,2,7,3],"tags":[12601,12405,5030,12600,12602],"class_list":["post-48475","post","type-post","status-publish","format-image","has-post-thumbnail","hentry","category-deliberando","category-diario-armstrong","category-locales","category-politica","category-region","tag-acompanamiento-laboral","tag-concejal-rodrigo-migliozzi","tag-diario-armstrong","tag-inclusion-real","tag-personas-con-discapacidad","post_format-post-format-image"],"jetpack_publicize_connections":[],"jetpack_featured_media_url":"https:\/\/armstrongyregion.com.ar\/diario\/wp-content\/uploads\/2026\/03\/RODRIGO-MIGLIOZZI-26-.jpg","jetpack_shortlink":"https:\/\/wp.me\/p62QDO-cBR","jetpack_sharing_enabled":true,"amp_enabled":true,"_links":{"self":[{"href":"https:\/\/armstrongyregion.com.ar\/diario\/wp-json\/wp\/v2\/posts\/48475","targetHints":{"allow":["GET"]}}],"collection":[{"href":"https:\/\/armstrongyregion.com.ar\/diario\/wp-json\/wp\/v2\/posts"}],"about":[{"href":"https:\/\/armstrongyregion.com.ar\/diario\/wp-json\/wp\/v2\/types\/post"}],"author":[{"embeddable":true,"href":"https:\/\/armstrongyregion.com.ar\/diario\/wp-json\/wp\/v2\/users\/1"}],"replies":[{"embeddable":true,"href":"https:\/\/armstrongyregion.com.ar\/diario\/wp-json\/wp\/v2\/comments?post=48475"}],"version-history":[{"count":1,"href":"https:\/\/armstrongyregion.com.ar\/diario\/wp-json\/wp\/v2\/posts\/48475\/revisions"}],"predecessor-version":[{"id":48476,"href":"https:\/\/armstrongyregion.com.ar\/diario\/wp-json\/wp\/v2\/posts\/48475\/revisions\/48476"}],"wp:featuredmedia":[{"embeddable":true,"href":"https:\/\/armstrongyregion.com.ar\/diario\/wp-json\/wp\/v2\/media\/48102"}],"wp:attachment":[{"href":"https:\/\/armstrongyregion.com.ar\/diario\/wp-json\/wp\/v2\/media?parent=48475"}],"wp:term":[{"taxonomy":"category","embeddable":true,"href":"https:\/\/armstrongyregion.com.ar\/diario\/wp-json\/wp\/v2\/categories?post=48475"},{"taxonomy":"post_tag","embeddable":true,"href":"https:\/\/armstrongyregion.com.ar\/diario\/wp-json\/wp\/v2\/tags?post=48475"}],"curies":[{"name":"wp","href":"https:\/\/api.w.org\/{rel}","templated":true}]}}