{"id":48461,"date":"2026-04-29T16:07:41","date_gmt":"2026-04-29T16:07:41","guid":{"rendered":"https:\/\/armstrongyregion.com.ar\/diario\/?p=48461"},"modified":"2026-04-29T16:08:55","modified_gmt":"2026-04-29T16:08:55","slug":"bouquet-inauguro-nuevos-cursos-de-oficio-para-fortalecer-la-capacitacion-y-el-empleo","status":"publish","type":"post","link":"https:\/\/armstrongyregion.com.ar\/diario\/bouquet-inauguro-nuevos-cursos-de-oficio-para-fortalecer-la-capacitacion-y-el-empleo\/","title":{"rendered":"Bouquet inaugur\u00f3 nuevos cursos de oficio para fortalecer la capacitaci\u00f3n y el empleo."},"content":{"rendered":"\n<figure class=\"wp-block-image size-full\"><img loading=\"lazy\" decoding=\"async\" width=\"608\" height=\"364\" src=\"https:\/\/armstrongyregion.com.ar\/diario\/wp-content\/uploads\/2026\/04\/BOUQUET-.jpg\" alt=\"\" class=\"wp-image-48462\" srcset=\"https:\/\/armstrongyregion.com.ar\/diario\/wp-content\/uploads\/2026\/04\/BOUQUET-.jpg 608w, https:\/\/armstrongyregion.com.ar\/diario\/wp-content\/uploads\/2026\/04\/BOUQUET--300x180.jpg 300w\" sizes=\"auto, (max-width: 608px) 100vw, 608px\" \/><\/figure>\n\n\n\n<h2 class=\"wp-block-heading\">En la localidad de Bouquet se llev\u00f3 a cabo la inauguraci\u00f3n de nuevos cursos de oficio, una propuesta orientada a generar oportunidades de formaci\u00f3n y salida laboral para vecinos de la comunidad.<\/h2>\n\n\n\n<h2 class=\"wp-block-heading\">La iniciativa apunta a consolidar un espacio de aprendizaje accesible, promoviendo la capacitaci\u00f3n en distintas \u00e1reas con el objetivo de fortalecer habilidades y fomentar el desarrollo personal y laboral.<\/h2>\n\n\n\n<p>Durante la actividad, dialogamos con el presidente comunal Luis Sabena, el senador del departamento Belgrano Pablo Verdecchia y Gustavo Pasquinelli, representante del CECLA, quienes coincidieron en destacar la importancia de este tipo de pol\u00edticas p\u00fablicas para impulsar la inclusi\u00f3n y el crecimiento local.<\/p>\n\n\n\n<figure class=\"wp-block-embed is-type-video is-provider-youtube wp-block-embed-youtube wp-embed-aspect-16-9 wp-has-aspect-ratio\"><div class=\"wp-block-embed__wrapper\">\n<iframe loading=\"lazy\" title=\"28-04-26 Nota Luis Sabena \u2013 Pres. Comunal \/ Pablo Verdecchia \u2013 Senador \/ Gustavo Pasquinelli \u2013 Cecla\" width=\"800\" height=\"450\" src=\"https:\/\/www.youtube.com\/embed\/A7bAFgQZncA?start=9&#038;feature=oembed\" frameborder=\"0\" allow=\"accelerometer; autoplay; clipboard-write; encrypted-media; gyroscope; picture-in-picture; web-share\" referrerpolicy=\"strict-origin-when-cross-origin\" allowfullscreen><\/iframe>\n<\/div><\/figure>\n\n\n\n<p>Los referentes subrayaron que estos espacios permiten brindar herramientas concretas a quienes buscan insertarse en el mundo del trabajo, al tiempo que fortalecen el entramado social y productivo de la regi\u00f3n.<\/p>\n\n\n\n<p>La puesta en marcha de estos cursos reafirma el compromiso de las instituciones locales y provinciales con la educaci\u00f3n, el empleo y la generaci\u00f3n de nuevas oportunidades para la comunidad.<\/p>\n\n\n\n<p>Fuente: Renacer fm<\/p>\n","protected":false},"excerpt":{"rendered":"<p>En la localidad de Bouquet se llev\u00f3 a cabo la inauguraci\u00f3n de nuevos cursos de oficio, una propuesta orientada a generar oportunidades de formaci\u00f3n y salida laboral para vecinos de la comunidad. La iniciativa apunta a consolidar un espacio de aprendizaje accesible, promoviendo la capacitaci\u00f3n en distintas \u00e1reas con el objetivo de fortalecer habilidades y <a href=\"https:\/\/armstrongyregion.com.ar\/diario\/bouquet-inauguro-nuevos-cursos-de-oficio-para-fortalecer-la-capacitacion-y-el-empleo\/\" title=\"Read more\" >&#8230;<\/a><\/p>\n","protected":false},"author":1,"featured_media":48462,"comment_status":"open","ping_status":"open","sticky":false,"template":"","format":"image","meta":{"_jetpack_memberships_contains_paid_content":false,"footnotes":"","jetpack_publicize_message":"","jetpack_publicize_feature_enabled":true,"jetpack_social_post_already_shared":true,"jetpack_social_options":{"image_generator_settings":{"template":"highway","default_image_id":0,"enabled":false},"version":2}},"categories":[6,8,1,2,7,3],"tags":[8843,1292,5030,3540,4229,1028,12592],"class_list":["post-48461","post","type-post","status-publish","format-image","has-post-thumbnail","hentry","category-cultura-entretenimiento","category-deliberando","category-diario-armstrong","category-locales","category-politica","category-region","tag-bouquet-2","tag-capacitacion","tag-diario-armstrong","tag-empleo","tag-fortalecer","tag-inauguro","tag-oficio","post_format-post-format-image"],"jetpack_publicize_connections":[],"jetpack_featured_media_url":"https:\/\/armstrongyregion.com.ar\/diario\/wp-content\/uploads\/2026\/04\/BOUQUET-.jpg","jetpack_shortlink":"https:\/\/wp.me\/p62QDO-cBD","jetpack_sharing_enabled":true,"amp_enabled":true,"_links":{"self":[{"href":"https:\/\/armstrongyregion.com.ar\/diario\/wp-json\/wp\/v2\/posts\/48461","targetHints":{"allow":["GET"]}}],"collection":[{"href":"https:\/\/armstrongyregion.com.ar\/diario\/wp-json\/wp\/v2\/posts"}],"about":[{"href":"https:\/\/armstrongyregion.com.ar\/diario\/wp-json\/wp\/v2\/types\/post"}],"author":[{"embeddable":true,"href":"https:\/\/armstrongyregion.com.ar\/diario\/wp-json\/wp\/v2\/users\/1"}],"replies":[{"embeddable":true,"href":"https:\/\/armstrongyregion.com.ar\/diario\/wp-json\/wp\/v2\/comments?post=48461"}],"version-history":[{"count":2,"href":"https:\/\/armstrongyregion.com.ar\/diario\/wp-json\/wp\/v2\/posts\/48461\/revisions"}],"predecessor-version":[{"id":48464,"href":"https:\/\/armstrongyregion.com.ar\/diario\/wp-json\/wp\/v2\/posts\/48461\/revisions\/48464"}],"wp:featuredmedia":[{"embeddable":true,"href":"https:\/\/armstrongyregion.com.ar\/diario\/wp-json\/wp\/v2\/media\/48462"}],"wp:attachment":[{"href":"https:\/\/armstrongyregion.com.ar\/diario\/wp-json\/wp\/v2\/media?parent=48461"}],"wp:term":[{"taxonomy":"category","embeddable":true,"href":"https:\/\/armstrongyregion.com.ar\/diario\/wp-json\/wp\/v2\/categories?post=48461"},{"taxonomy":"post_tag","embeddable":true,"href":"https:\/\/armstrongyregion.com.ar\/diario\/wp-json\/wp\/v2\/tags?post=48461"}],"curies":[{"name":"wp","href":"https:\/\/api.w.org\/{rel}","templated":true}]}}