{"id":48458,"date":"2026-04-29T15:58:02","date_gmt":"2026-04-29T15:58:02","guid":{"rendered":"https:\/\/armstrongyregion.com.ar\/diario\/?p=48458"},"modified":"2026-04-29T15:58:04","modified_gmt":"2026-04-29T15:58:04","slug":"detuvieron-a-un-hombre-de-45-anos-de-edad-en-armstrong-acusado-de-abuso-sexual-agravado-en-el-ambito-intrafamiliar","status":"publish","type":"post","link":"https:\/\/armstrongyregion.com.ar\/diario\/detuvieron-a-un-hombre-de-45-anos-de-edad-en-armstrong-acusado-de-abuso-sexual-agravado-en-el-ambito-intrafamiliar\/","title":{"rendered":"Detuvieron a un hombre de 45 a\u00f1os de edad en Armstrong acusado de abuso sexual agravado en el \u00e1mbito intrafamiliar."},"content":{"rendered":"\n<figure class=\"wp-block-image size-full\"><img loading=\"lazy\" decoding=\"async\" width=\"611\" height=\"454\" src=\"https:\/\/armstrongyregion.com.ar\/diario\/wp-content\/uploads\/2026\/04\/PDI.jpg\" alt=\"\" class=\"wp-image-48459\" srcset=\"https:\/\/armstrongyregion.com.ar\/diario\/wp-content\/uploads\/2026\/04\/PDI.jpg 611w, https:\/\/armstrongyregion.com.ar\/diario\/wp-content\/uploads\/2026\/04\/PDI-300x223.jpg 300w\" sizes=\"auto, (max-width: 611px) 100vw, 611px\" \/><\/figure>\n\n\n\n<p>El procedimiento fue llevado adelante por la PDI tras una denuncia radicada el 18 de abril. El detenido qued\u00f3 alojado en la alcaid\u00eda Departamental de Las Rosas.<\/p>\n\n\n\n<p>La Polic\u00eda de Investigaciones (PDI) de la provincia de Santa Fe detuvo a un hombre de 45 a\u00f1os de edad en la ciudad de Armstrong en el marco de una causa por abuso sexual agravado en contexto intrafamiliar.\u00a0El procedimiento se realiz\u00f3 mediante un allanamiento ordenado judicialmente en un domicilio de la ciudad, que arroj\u00f3 resultados positivo y permiti\u00f3 la demora del sospechoso.\u00a0La investigaci\u00f3n fue iniciada a partir de una denuncia radicada el 18 de abril y es dirigida por la fiscal Abi Luz Cabrera, del Ministerio P\u00fablico de la Acusaci\u00f3n de Ca\u00f1ada de G\u00f3mez. <\/p>\n\n\n\n<p>Durante el operativo tambi\u00e9n se secuestr\u00f3 un tel\u00e9fono celular que ser\u00e1 sometido a peritajes en el marco de la causa.\u00a0Por disposici\u00f3n de la fiscal interviniente, el detenido fue notificado de los cargos y traslado a la alcaid\u00eda Departamental de Las Rosas, donde permanece alojado a disposici\u00f3n de la justicia.<\/p>\n\n\n\n<p>Fuente: FMSol Armstrong.<\/p>\n","protected":false},"excerpt":{"rendered":"<p>El procedimiento fue llevado adelante por la PDI tras una denuncia radicada el 18 de abril. El detenido qued\u00f3 alojado en la alcaid\u00eda Departamental de Las Rosas. La Polic\u00eda de Investigaciones (PDI) de la provincia de Santa Fe detuvo a un hombre de 45 a\u00f1os de edad en la ciudad de Armstrong en el marco <a href=\"https:\/\/armstrongyregion.com.ar\/diario\/detuvieron-a-un-hombre-de-45-anos-de-edad-en-armstrong-acusado-de-abuso-sexual-agravado-en-el-ambito-intrafamiliar\/\" title=\"Read more\" >&#8230;<\/a><\/p>\n","protected":false},"author":1,"featured_media":48459,"comment_status":"open","ping_status":"open","sticky":false,"template":"","format":"image","meta":{"_jetpack_memberships_contains_paid_content":false,"footnotes":"","jetpack_publicize_message":"","jetpack_publicize_feature_enabled":true,"jetpack_social_post_already_shared":true,"jetpack_social_options":{"image_generator_settings":{"template":"highway","default_image_id":0,"enabled":false},"version":2}},"categories":[6,8,1,2,2852,7,3],"tags":[12588,12589,12591,20,5030,12590],"class_list":["post-48458","post","type-post","status-publish","format-image","has-post-thumbnail","hentry","category-cultura-entretenimiento","category-deliberando","category-diario-armstrong","category-locales","category-policiales","category-politica","category-region","tag-45-anos","tag-abuso-sexual","tag-ambito-intrafamiliar","tag-armstrong","tag-diario-armstrong","tag-hombre-detenido","post_format-post-format-image"],"jetpack_publicize_connections":[],"jetpack_featured_media_url":"https:\/\/armstrongyregion.com.ar\/diario\/wp-content\/uploads\/2026\/04\/PDI.jpg","jetpack_shortlink":"https:\/\/wp.me\/p62QDO-cBA","jetpack_sharing_enabled":true,"amp_enabled":true,"_links":{"self":[{"href":"https:\/\/armstrongyregion.com.ar\/diario\/wp-json\/wp\/v2\/posts\/48458","targetHints":{"allow":["GET"]}}],"collection":[{"href":"https:\/\/armstrongyregion.com.ar\/diario\/wp-json\/wp\/v2\/posts"}],"about":[{"href":"https:\/\/armstrongyregion.com.ar\/diario\/wp-json\/wp\/v2\/types\/post"}],"author":[{"embeddable":true,"href":"https:\/\/armstrongyregion.com.ar\/diario\/wp-json\/wp\/v2\/users\/1"}],"replies":[{"embeddable":true,"href":"https:\/\/armstrongyregion.com.ar\/diario\/wp-json\/wp\/v2\/comments?post=48458"}],"version-history":[{"count":1,"href":"https:\/\/armstrongyregion.com.ar\/diario\/wp-json\/wp\/v2\/posts\/48458\/revisions"}],"predecessor-version":[{"id":48460,"href":"https:\/\/armstrongyregion.com.ar\/diario\/wp-json\/wp\/v2\/posts\/48458\/revisions\/48460"}],"wp:featuredmedia":[{"embeddable":true,"href":"https:\/\/armstrongyregion.com.ar\/diario\/wp-json\/wp\/v2\/media\/48459"}],"wp:attachment":[{"href":"https:\/\/armstrongyregion.com.ar\/diario\/wp-json\/wp\/v2\/media?parent=48458"}],"wp:term":[{"taxonomy":"category","embeddable":true,"href":"https:\/\/armstrongyregion.com.ar\/diario\/wp-json\/wp\/v2\/categories?post=48458"},{"taxonomy":"post_tag","embeddable":true,"href":"https:\/\/armstrongyregion.com.ar\/diario\/wp-json\/wp\/v2\/tags?post=48458"}],"curies":[{"name":"wp","href":"https:\/\/api.w.org\/{rel}","templated":true}]}}