{"id":48454,"date":"2026-04-28T15:45:28","date_gmt":"2026-04-28T15:45:28","guid":{"rendered":"https:\/\/armstrongyregion.com.ar\/diario\/?p=48454"},"modified":"2026-04-28T15:45:30","modified_gmt":"2026-04-28T15:45:30","slug":"tras-la-asamblea-general-ordinaria-quedaron-proclamadas-las-nuevas-autoridades-de-la-cooperativa-local","status":"publish","type":"post","link":"https:\/\/armstrongyregion.com.ar\/diario\/tras-la-asamblea-general-ordinaria-quedaron-proclamadas-las-nuevas-autoridades-de-la-cooperativa-local\/","title":{"rendered":"Tras la Asamblea General Ordinaria, quedaron proclamadas las nuevas autoridades de la Cooperativa local."},"content":{"rendered":"\n<figure class=\"wp-block-image size-full\"><img loading=\"lazy\" decoding=\"async\" width=\"768\" height=\"646\" src=\"http:\/\/armstrongyregion.com.ar\/diario\/wp-content\/uploads\/2016\/03\/cooperativa-electrica.jpg\" alt=\"cooperativa-electrica\" class=\"wp-image-6733\" srcset=\"https:\/\/armstrongyregion.com.ar\/diario\/wp-content\/uploads\/2016\/03\/cooperativa-electrica.jpg 768w, https:\/\/armstrongyregion.com.ar\/diario\/wp-content\/uploads\/2016\/03\/cooperativa-electrica-300x252.jpg 300w\" sizes=\"auto, (max-width: 768px) 100vw, 768px\" \/><\/figure>\n\n\n\n<h2 class=\"wp-block-heading\"><strong>La Cooperativa de Provisi\u00f3n de Obras y Servicios P\u00fablicos de Armstrong Limitada<\/strong> inform\u00f3 a sus asociados y a la comunidad que, tras celebrarse la Asamblea General Ordinaria en el d\u00eda de ayer, qued\u00f3 oficialmente proclamada la \u00fanica lista presentada para la renovaci\u00f3n de cargos.<\/h2>\n\n\n\n<p>Posteriormente, en la primera reuni\u00f3n de Consejo, se definieron las responsabilidades para el nuevo per\u00edodo, quedando la conducci\u00f3n central a cargo de <strong>Nelso Bernardi<\/strong> como Presidente, acompa\u00f1ado por <strong>Beatriz Silvi<\/strong> en la Vicepresidencia, <strong>Fany Tittarelli<\/strong> en la Secretar\u00eda y <strong>Dar\u00edo Chiappini<\/strong> en la Tesorer\u00eda.<\/p>\n\n\n\n<p>El cuerpo de Vocales Titulares qued\u00f3 integrado por Adri\u00e1n Muscatelo, Mabel Teodori, Cristina Ciccarelli, Marisa Principe y Luciana Santilli; mientras que la Sindicatura estar\u00e1 bajo la responsabilidad de Jorge Solans (Titular) y Luciano Piancatelli (Suplente).<\/p>\n","protected":false},"excerpt":{"rendered":"<p>La Cooperativa de Provisi\u00f3n de Obras y Servicios P\u00fablicos de Armstrong Limitada inform\u00f3 a sus asociados y a la comunidad que, tras celebrarse la Asamblea General Ordinaria en el d\u00eda de ayer, qued\u00f3 oficialmente proclamada la \u00fanica lista presentada para la renovaci\u00f3n de cargos. Posteriormente, en la primera reuni\u00f3n de Consejo, se definieron las responsabilidades <a href=\"https:\/\/armstrongyregion.com.ar\/diario\/tras-la-asamblea-general-ordinaria-quedaron-proclamadas-las-nuevas-autoridades-de-la-cooperativa-local\/\" title=\"Read more\" >&#8230;<\/a><\/p>\n","protected":false},"author":1,"featured_media":6733,"comment_status":"open","ping_status":"open","sticky":false,"template":"","format":"image","meta":{"_jetpack_memberships_contains_paid_content":false,"footnotes":"","jetpack_publicize_message":"","jetpack_publicize_feature_enabled":true,"jetpack_social_post_already_shared":true,"jetpack_social_options":{"image_generator_settings":{"template":"highway","default_image_id":0,"enabled":false},"version":2}},"categories":[8,1,2,7,3],"tags":[1346,12587,5030,1347,12586,9092],"class_list":["post-48454","post","type-post","status-publish","format-image","has-post-thumbnail","hentry","category-deliberando","category-diario-armstrong","category-locales","category-politica","category-region","tag-asamblea","tag-cooperativa-local","tag-diario-armstrong","tag-general","tag-nuevas-autoridades","tag-ordinaria-2","post_format-post-format-image"],"jetpack_publicize_connections":[],"jetpack_featured_media_url":"https:\/\/armstrongyregion.com.ar\/diario\/wp-content\/uploads\/2016\/03\/cooperativa-electrica.jpg","jetpack_shortlink":"https:\/\/wp.me\/p62QDO-cBw","jetpack_sharing_enabled":true,"amp_enabled":true,"_links":{"self":[{"href":"https:\/\/armstrongyregion.com.ar\/diario\/wp-json\/wp\/v2\/posts\/48454","targetHints":{"allow":["GET"]}}],"collection":[{"href":"https:\/\/armstrongyregion.com.ar\/diario\/wp-json\/wp\/v2\/posts"}],"about":[{"href":"https:\/\/armstrongyregion.com.ar\/diario\/wp-json\/wp\/v2\/types\/post"}],"author":[{"embeddable":true,"href":"https:\/\/armstrongyregion.com.ar\/diario\/wp-json\/wp\/v2\/users\/1"}],"replies":[{"embeddable":true,"href":"https:\/\/armstrongyregion.com.ar\/diario\/wp-json\/wp\/v2\/comments?post=48454"}],"version-history":[{"count":1,"href":"https:\/\/armstrongyregion.com.ar\/diario\/wp-json\/wp\/v2\/posts\/48454\/revisions"}],"predecessor-version":[{"id":48455,"href":"https:\/\/armstrongyregion.com.ar\/diario\/wp-json\/wp\/v2\/posts\/48454\/revisions\/48455"}],"wp:featuredmedia":[{"embeddable":true,"href":"https:\/\/armstrongyregion.com.ar\/diario\/wp-json\/wp\/v2\/media\/6733"}],"wp:attachment":[{"href":"https:\/\/armstrongyregion.com.ar\/diario\/wp-json\/wp\/v2\/media?parent=48454"}],"wp:term":[{"taxonomy":"category","embeddable":true,"href":"https:\/\/armstrongyregion.com.ar\/diario\/wp-json\/wp\/v2\/categories?post=48454"},{"taxonomy":"post_tag","embeddable":true,"href":"https:\/\/armstrongyregion.com.ar\/diario\/wp-json\/wp\/v2\/tags?post=48454"}],"curies":[{"name":"wp","href":"https:\/\/api.w.org\/{rel}","templated":true}]}}