{"id":48451,"date":"2026-04-28T15:35:20","date_gmt":"2026-04-28T15:35:20","guid":{"rendered":"https:\/\/armstrongyregion.com.ar\/diario\/?p=48451"},"modified":"2026-04-28T15:35:22","modified_gmt":"2026-04-28T15:35:22","slug":"seguridad-educacion-y-el-futuro-de-armstrong-mano-a-mano-con-daniela-perez-en-deliberando","status":"publish","type":"post","link":"https:\/\/armstrongyregion.com.ar\/diario\/seguridad-educacion-y-el-futuro-de-armstrong-mano-a-mano-con-daniela-perez-en-deliberando\/","title":{"rendered":"Seguridad, Educaci\u00f3n y el Futuro de Armstrong: Mano a mano con Daniela P\u00e9rez en \u00abDeliberando\u00bb"},"content":{"rendered":"\n<figure class=\"wp-block-image size-full\"><img loading=\"lazy\" decoding=\"async\" width=\"504\" height=\"378\" src=\"https:\/\/armstrongyregion.com.ar\/diario\/wp-content\/uploads\/2026\/04\/DANIELA-PEREZ-28-4-26.jpg\" alt=\"\" class=\"wp-image-48452\" srcset=\"https:\/\/armstrongyregion.com.ar\/diario\/wp-content\/uploads\/2026\/04\/DANIELA-PEREZ-28-4-26.jpg 504w, https:\/\/armstrongyregion.com.ar\/diario\/wp-content\/uploads\/2026\/04\/DANIELA-PEREZ-28-4-26-300x225.jpg 300w\" sizes=\"auto, (max-width: 504px) 100vw, 504px\" \/><\/figure>\n\n\n\n<h2 class=\"wp-block-heading\">La Secretaria de Gobierno municipal visit\u00f3 el programa televisivo para abordar la compleja situaci\u00f3n que atravesaron las Escuelas N\u00b0 51 y N\u00b0 33 tras las recientes amenazas. Adem\u00e1s, analiz\u00f3 los avances en el centro de monitoreo, el estado de la gesti\u00f3n de Guillermo Luzzi y las proyecciones pol\u00edticas hacia el 2027.<\/h2>\n\n\n\n<p>En una semana de alta sensibilidad para la comunidad educativa de Armstrong, el programa <strong>\u00abDeliberando\u00bb<\/strong> cont\u00f3 con la presencia de la <strong>Secretaria de Gobierno, Daniela P\u00e9rez<\/strong>. El eje central del encuentro estuvo marcado por las amenazas que afectaron el normal dictado de clases en las <strong>Escuelas N\u00b0 51 y N\u00b0 33<\/strong>, un tema que puso en alerta tanto al Estado como a las familias.<\/p>\n\n\n\n<p>P\u00e9rez destac\u00f3 la importancia del trabajo interdisciplinario entre el municipio, las fuerzas de seguridad y los equipos socioeducativos. <strong>\u00abLa seguridad no debe ser solo reacci\u00f3n, sino prevenci\u00f3n social\u00bb<\/strong>, afirm\u00f3 la funcionaria, haciendo hincapi\u00e9 en el acompa\u00f1amiento que se brinda a las instituciones m\u00e1s all\u00e1 de la asistencia en infraestructura.<\/p>\n\n\n\n<p>En materia de seguridad ciudadana, la Secretaria brind\u00f3 detalles sobre el estado actual del <strong>Sistema de Monitoreo local<\/strong> y los planes de modernizaci\u00f3n tecnol\u00f3gica que se proyectan para optimizar el patrullaje urbano en puntos cr\u00edticos de la ciudad. Asimismo, analiz\u00f3 la articulaci\u00f3n permanente con la Polic\u00eda y el Gobierno Provincial.<\/p>\n\n\n\n<p>Durante el bloque dedicado a la gesti\u00f3n local, P\u00e9rez realiz\u00f3 un balance del equipo que encabeza el <strong>Intendente Guillermo Luzzi<\/strong>. Con tono autocr\u00edtico, reconoci\u00f3 las demandas pendientes de los vecinos en un contexto econ\u00f3mico nacional complejo, aunque resalt\u00f3 la fortaleza de la actual administraci\u00f3n para sostener los proyectos clave.<\/p>\n\n\n\n<p>Finalmente, la entrevista recorri\u00f3 el terreno pol\u00edtico. Ante la mirada puesta en 2027, la funcionaria analiz\u00f3 la consolidaci\u00f3n del Bloque Unidos a nivel local y reflexion\u00f3 sobre su rol futuro en la ciudad, dejando un mensaje de compromiso para mejorar la convivencia urbana en Armstrong.<\/p>\n\n\n\n<p>Deliberando: Martes 28 de Abril, 21HS.<\/p>\n","protected":false},"excerpt":{"rendered":"<p>La Secretaria de Gobierno municipal visit\u00f3 el programa televisivo para abordar la compleja situaci\u00f3n que atravesaron las Escuelas N\u00b0 51 y N\u00b0 33 tras las recientes amenazas. Adem\u00e1s, analiz\u00f3 los avances en el centro de monitoreo, el estado de la gesti\u00f3n de Guillermo Luzzi y las proyecciones pol\u00edticas hacia el 2027. En una semana de <a href=\"https:\/\/armstrongyregion.com.ar\/diario\/seguridad-educacion-y-el-futuro-de-armstrong-mano-a-mano-con-daniela-perez-en-deliberando\/\" title=\"Read more\" >&#8230;<\/a><\/p>\n","protected":false},"author":1,"featured_media":48452,"comment_status":"open","ping_status":"open","sticky":false,"template":"","format":"image","meta":{"_jetpack_memberships_contains_paid_content":false,"footnotes":"","jetpack_publicize_message":"","jetpack_publicize_feature_enabled":true,"jetpack_social_post_already_shared":true,"jetpack_social_options":{"image_generator_settings":{"template":"highway","default_image_id":0,"enabled":false},"version":2}},"categories":[6,8,1,2,7,3],"tags":[20,9913,44,5030,9603,2254,12585,12584,8991],"class_list":["post-48451","post","type-post","status-publish","format-image","has-post-thumbnail","hentry","category-cultura-entretenimiento","category-deliberando","category-diario-armstrong","category-locales","category-politica","category-region","tag-armstrong","tag-daniela-perez","tag-deliberando-2","tag-diario-armstrong","tag-educacion-3","tag-futuro","tag-martes-22hs","tag-secretaria-de-gobierno","tag-seguridad-2","post_format-post-format-image"],"jetpack_publicize_connections":[],"jetpack_featured_media_url":"https:\/\/armstrongyregion.com.ar\/diario\/wp-content\/uploads\/2026\/04\/DANIELA-PEREZ-28-4-26.jpg","jetpack_shortlink":"https:\/\/wp.me\/p62QDO-cBt","jetpack_sharing_enabled":true,"amp_enabled":true,"_links":{"self":[{"href":"https:\/\/armstrongyregion.com.ar\/diario\/wp-json\/wp\/v2\/posts\/48451","targetHints":{"allow":["GET"]}}],"collection":[{"href":"https:\/\/armstrongyregion.com.ar\/diario\/wp-json\/wp\/v2\/posts"}],"about":[{"href":"https:\/\/armstrongyregion.com.ar\/diario\/wp-json\/wp\/v2\/types\/post"}],"author":[{"embeddable":true,"href":"https:\/\/armstrongyregion.com.ar\/diario\/wp-json\/wp\/v2\/users\/1"}],"replies":[{"embeddable":true,"href":"https:\/\/armstrongyregion.com.ar\/diario\/wp-json\/wp\/v2\/comments?post=48451"}],"version-history":[{"count":1,"href":"https:\/\/armstrongyregion.com.ar\/diario\/wp-json\/wp\/v2\/posts\/48451\/revisions"}],"predecessor-version":[{"id":48453,"href":"https:\/\/armstrongyregion.com.ar\/diario\/wp-json\/wp\/v2\/posts\/48451\/revisions\/48453"}],"wp:featuredmedia":[{"embeddable":true,"href":"https:\/\/armstrongyregion.com.ar\/diario\/wp-json\/wp\/v2\/media\/48452"}],"wp:attachment":[{"href":"https:\/\/armstrongyregion.com.ar\/diario\/wp-json\/wp\/v2\/media?parent=48451"}],"wp:term":[{"taxonomy":"category","embeddable":true,"href":"https:\/\/armstrongyregion.com.ar\/diario\/wp-json\/wp\/v2\/categories?post=48451"},{"taxonomy":"post_tag","embeddable":true,"href":"https:\/\/armstrongyregion.com.ar\/diario\/wp-json\/wp\/v2\/tags?post=48451"}],"curies":[{"name":"wp","href":"https:\/\/api.w.org\/{rel}","templated":true}]}}