{"id":48137,"date":"2026-03-17T14:55:58","date_gmt":"2026-03-17T14:55:58","guid":{"rendered":"https:\/\/armstrongyregion.com.ar\/diario\/?p=48137"},"modified":"2026-03-17T14:56:00","modified_gmt":"2026-03-17T14:56:00","slug":"verdecchia-logro-fallo-judicial-por-la-178","status":"publish","type":"post","link":"https:\/\/armstrongyregion.com.ar\/diario\/verdecchia-logro-fallo-judicial-por-la-178\/","title":{"rendered":"Verdecchia logr\u00f3 fallo judicial por la 178."},"content":{"rendered":"\n<figure class=\"wp-block-image size-large\"><img loading=\"lazy\" decoding=\"async\" width=\"640\" height=\"426\" src=\"https:\/\/armstrongyregion.com.ar\/diario\/wp-content\/uploads\/2026\/03\/pablito-178-640x426.jpg\" alt=\"\" class=\"wp-image-48138\" srcset=\"https:\/\/armstrongyregion.com.ar\/diario\/wp-content\/uploads\/2026\/03\/pablito-178-640x426.jpg 640w, https:\/\/armstrongyregion.com.ar\/diario\/wp-content\/uploads\/2026\/03\/pablito-178-300x200.jpg 300w, https:\/\/armstrongyregion.com.ar\/diario\/wp-content\/uploads\/2026\/03\/pablito-178-768x512.jpg 768w, https:\/\/armstrongyregion.com.ar\/diario\/wp-content\/uploads\/2026\/03\/pablito-178.jpg 800w\" sizes=\"auto, (max-width: 640px) 100vw, 640px\" \/><\/figure>\n\n\n\n<h2 class=\"wp-block-heading\">Una medida cautelar promovida por Pablo Verdecchia obliga a Vialidad Nacional a ejecutar reparaciones para garantizar la transitabilidad y la seguridad vial.<\/h2>\n\n\n\n<figure class=\"wp-block-image size-large\"><img loading=\"lazy\" decoding=\"async\" width=\"640\" height=\"426\" src=\"https:\/\/armstrongyregion.com.ar\/diario\/wp-content\/uploads\/2026\/03\/pablito-178-2--640x426.jpg\" alt=\"\" class=\"wp-image-48139\" srcset=\"https:\/\/armstrongyregion.com.ar\/diario\/wp-content\/uploads\/2026\/03\/pablito-178-2--640x426.jpg 640w, https:\/\/armstrongyregion.com.ar\/diario\/wp-content\/uploads\/2026\/03\/pablito-178-2--300x200.jpg 300w, https:\/\/armstrongyregion.com.ar\/diario\/wp-content\/uploads\/2026\/03\/pablito-178-2--768x512.jpg 768w, https:\/\/armstrongyregion.com.ar\/diario\/wp-content\/uploads\/2026\/03\/pablito-178-2-.jpg 800w\" sizes=\"auto, (max-width: 640px) 100vw, 640px\" \/><\/figure>\n\n\n\n<p>El cr\u00edtico estado de la Ruta Nacional 178 en el tramo que atraviesa el Departamento<br>Belgrano ven\u00eda generando una situaci\u00f3n de riesgo permanente para quienes la transitan a diario. El deterioro de la calzada, la falta de mantenimiento y las deficiencias en la se\u00f1alizaci\u00f3n derivaron en condiciones de circulaci\u00f3n inseguras, con tramos pr\u00e1cticamente intransitables en d\u00edas de lluvia y un impacto directo en la vida cotidiana, el trabajo y la producci\u00f3n regional.<\/p>\n\n\n\n<figure class=\"wp-block-image size-large\"><img loading=\"lazy\" decoding=\"async\" width=\"640\" height=\"480\" src=\"https:\/\/armstrongyregion.com.ar\/diario\/wp-content\/uploads\/2026\/03\/pablito-178-3--640x480.jpg\" alt=\"\" class=\"wp-image-48140\" srcset=\"https:\/\/armstrongyregion.com.ar\/diario\/wp-content\/uploads\/2026\/03\/pablito-178-3--640x480.jpg 640w, https:\/\/armstrongyregion.com.ar\/diario\/wp-content\/uploads\/2026\/03\/pablito-178-3--300x225.jpg 300w, https:\/\/armstrongyregion.com.ar\/diario\/wp-content\/uploads\/2026\/03\/pablito-178-3--768x576.jpg 768w, https:\/\/armstrongyregion.com.ar\/diario\/wp-content\/uploads\/2026\/03\/pablito-178-3-.jpg 800w\" sizes=\"auto, (max-width: 640px) 100vw, 640px\" \/><\/figure>\n\n\n\n<p><br>Ante la falta de respuestas efectivas por parte de la Direcci\u00f3n Nacional de Vialidad, el senador provincial Pablo Verdecchia promovi\u00f3 una acci\u00f3n de amparo ante la Justicia Federal, solicitando la reparaci\u00f3n integral de la traza y, de manera urgente, una medida cautelar que garantice condiciones m\u00ednimas de circulaci\u00f3n. En ese marco, el Juzgado Federal N.\u00ba 2 de Rosario hizo lugar al planteo y orden\u00f3 la ejecuci\u00f3n inmediata de tareas de bacheo, se\u00f1alizaci\u00f3n y mantenimiento, obligando al organismo nacional a<br>iniciar las obras en un plazo de 10 d\u00edas y presentar un informe de cumplimiento dentro<br>de los 30 d\u00edas.<br>Tras conocerse la resoluci\u00f3n, Verdecchia destac\u00f3 el alcance del fallo: \u201cAnte el estado cr\u00edtico de la ruta hicimos todas las presentaciones necesarias y, al no tener respuestas, acudimos a la Justicia. Hoy la Justicia nos dio la raz\u00f3n y le pidi\u00f3 en forma urgente a Vialidad Nacional que realice las reparaciones para que se pueda circular\u201d, afirm\u00f3. Y agreg\u00f3: \u201cEl estado de la ruta es un problema real para la seguridad vial, es un peligro para la vida. Por eso esta medida busca garantizar que la gente pueda transitar en<br>condiciones seguras mientras se avanza en la soluci\u00f3n definitiva\u201d.<\/p>\n","protected":false},"excerpt":{"rendered":"<p>Una medida cautelar promovida por Pablo Verdecchia obliga a Vialidad Nacional a ejecutar reparaciones para garantizar la transitabilidad y la seguridad vial. El cr\u00edtico estado de la Ruta Nacional 178 en el tramo que atraviesa el DepartamentoBelgrano ven\u00eda generando una situaci\u00f3n de riesgo permanente para quienes la transitan a diario. El deterioro de la calzada, <a href=\"https:\/\/armstrongyregion.com.ar\/diario\/verdecchia-logro-fallo-judicial-por-la-178\/\" title=\"Read more\" >&#8230;<\/a><\/p>\n","protected":false},"author":1,"featured_media":48138,"comment_status":"open","ping_status":"open","sticky":false,"template":"","format":"image","meta":{"_jetpack_memberships_contains_paid_content":false,"footnotes":"","jetpack_publicize_message":"","jetpack_publicize_feature_enabled":true,"jetpack_social_post_already_shared":true,"jetpack_social_options":{"image_generator_settings":{"template":"highway","default_image_id":0,"enabled":false},"version":2}},"categories":[8,1,2,7,3],"tags":[5030,12420,11966,9182,205],"class_list":["post-48137","post","type-post","status-publish","format-image","has-post-thumbnail","hentry","category-deliberando","category-diario-armstrong","category-locales","category-politica","category-region","tag-diario-armstrong","tag-fallo","tag-logro-2","tag-ruta-178","tag-verdecchia","post_format-post-format-image"],"jetpack_publicize_connections":[],"jetpack_featured_media_url":"https:\/\/armstrongyregion.com.ar\/diario\/wp-content\/uploads\/2026\/03\/pablito-178.jpg","jetpack_shortlink":"https:\/\/wp.me\/p62QDO-cwp","jetpack_sharing_enabled":true,"amp_enabled":true,"_links":{"self":[{"href":"https:\/\/armstrongyregion.com.ar\/diario\/wp-json\/wp\/v2\/posts\/48137","targetHints":{"allow":["GET"]}}],"collection":[{"href":"https:\/\/armstrongyregion.com.ar\/diario\/wp-json\/wp\/v2\/posts"}],"about":[{"href":"https:\/\/armstrongyregion.com.ar\/diario\/wp-json\/wp\/v2\/types\/post"}],"author":[{"embeddable":true,"href":"https:\/\/armstrongyregion.com.ar\/diario\/wp-json\/wp\/v2\/users\/1"}],"replies":[{"embeddable":true,"href":"https:\/\/armstrongyregion.com.ar\/diario\/wp-json\/wp\/v2\/comments?post=48137"}],"version-history":[{"count":1,"href":"https:\/\/armstrongyregion.com.ar\/diario\/wp-json\/wp\/v2\/posts\/48137\/revisions"}],"predecessor-version":[{"id":48141,"href":"https:\/\/armstrongyregion.com.ar\/diario\/wp-json\/wp\/v2\/posts\/48137\/revisions\/48141"}],"wp:featuredmedia":[{"embeddable":true,"href":"https:\/\/armstrongyregion.com.ar\/diario\/wp-json\/wp\/v2\/media\/48138"}],"wp:attachment":[{"href":"https:\/\/armstrongyregion.com.ar\/diario\/wp-json\/wp\/v2\/media?parent=48137"}],"wp:term":[{"taxonomy":"category","embeddable":true,"href":"https:\/\/armstrongyregion.com.ar\/diario\/wp-json\/wp\/v2\/categories?post=48137"},{"taxonomy":"post_tag","embeddable":true,"href":"https:\/\/armstrongyregion.com.ar\/diario\/wp-json\/wp\/v2\/tags?post=48137"}],"curies":[{"name":"wp","href":"https:\/\/api.w.org\/{rel}","templated":true}]}}