{"id":48122,"date":"2026-03-16T12:46:46","date_gmt":"2026-03-16T12:46:46","guid":{"rendered":"https:\/\/armstrongyregion.com.ar\/diario\/?p=48122"},"modified":"2026-03-16T12:46:48","modified_gmt":"2026-03-16T12:46:48","slug":"refuerzan-la-prevencion-y-los-controles-de-seguridad-en-armstrong","status":"publish","type":"post","link":"https:\/\/armstrongyregion.com.ar\/diario\/refuerzan-la-prevencion-y-los-controles-de-seguridad-en-armstrong\/","title":{"rendered":"Refuerzan la prevenci\u00f3n y los controles de seguridad en Armstrong."},"content":{"rendered":"\n<figure class=\"wp-block-image size-full\"><img loading=\"lazy\" decoding=\"async\" width=\"520\" height=\"390\" src=\"https:\/\/armstrongyregion.com.ar\/diario\/wp-content\/uploads\/2026\/03\/control-1-.jpg\" alt=\"\" class=\"wp-image-48123\" srcset=\"https:\/\/armstrongyregion.com.ar\/diario\/wp-content\/uploads\/2026\/03\/control-1-.jpg 520w, https:\/\/armstrongyregion.com.ar\/diario\/wp-content\/uploads\/2026\/03\/control-1--300x225.jpg 300w\" sizes=\"auto, (max-width: 520px) 100vw, 520px\" \/><\/figure>\n\n\n\n<p>El \u00c1rea de Orden P\u00fablico de la Municipalidad de Armstrong inform\u00f3 que en el transcurso de<br>la \u00faltima semana se procedi\u00f3 a realizar recorridos en coordinaci\u00f3n con Polic\u00eda y central de<br>monitoreo para acciones de prevenci\u00f3n de faltas y delitos, con presencia efectiva en barrio<br>FoNaVi Sur incluyendo plaza Nona Rocha.<\/p>\n\n\n\n<figure class=\"wp-block-image size-full\"><img loading=\"lazy\" decoding=\"async\" width=\"520\" height=\"390\" src=\"https:\/\/armstrongyregion.com.ar\/diario\/wp-content\/uploads\/2026\/03\/control-4-.jpg\" alt=\"\" class=\"wp-image-48124\" srcset=\"https:\/\/armstrongyregion.com.ar\/diario\/wp-content\/uploads\/2026\/03\/control-4-.jpg 520w, https:\/\/armstrongyregion.com.ar\/diario\/wp-content\/uploads\/2026\/03\/control-4--300x225.jpg 300w\" sizes=\"auto, (max-width: 520px) 100vw, 520px\" \/><\/figure>\n\n\n\n<p><br>Estos recorridos con presencia preventiva se extienden en horas de la madrugada a Plaza<br>San Mart\u00edn, edificio municipal, parroquia Nuestra Se\u00f1ora de la Merced y Estaci\u00f3n M\u00e1s.<\/p>\n\n\n\n<figure class=\"wp-block-image size-large\"><img loading=\"lazy\" decoding=\"async\" width=\"640\" height=\"480\" src=\"https:\/\/armstrongyregion.com.ar\/diario\/wp-content\/uploads\/2026\/03\/control-2--640x480.jpg\" alt=\"\" class=\"wp-image-48125\" srcset=\"https:\/\/armstrongyregion.com.ar\/diario\/wp-content\/uploads\/2026\/03\/control-2--640x480.jpg 640w, https:\/\/armstrongyregion.com.ar\/diario\/wp-content\/uploads\/2026\/03\/control-2--300x225.jpg 300w, https:\/\/armstrongyregion.com.ar\/diario\/wp-content\/uploads\/2026\/03\/control-2--768x576.jpg 768w, https:\/\/armstrongyregion.com.ar\/diario\/wp-content\/uploads\/2026\/03\/control-2-.jpg 800w\" sizes=\"auto, (max-width: 640px) 100vw, 640px\" \/><\/figure>\n\n\n\n<p><br>Tambi\u00e9n se realiza un recorrido por Jard\u00edn 84, Promoci\u00f3n Comunitaria, v\u00edas del ferrocarril y<br>cancha de bochas, y en zona norte, se hace recorridos por Fonavi Norte, Plaza 5 de Junio,<br>calles Lisandro de la Torre y Castellanos, con entrevistas a los vecinos.<\/p>\n\n\n\n<figure class=\"wp-block-image size-large\"><img loading=\"lazy\" decoding=\"async\" width=\"360\" height=\"480\" src=\"https:\/\/armstrongyregion.com.ar\/diario\/wp-content\/uploads\/2026\/03\/control-3--360x480.jpg\" alt=\"\" class=\"wp-image-48126\" srcset=\"https:\/\/armstrongyregion.com.ar\/diario\/wp-content\/uploads\/2026\/03\/control-3--360x480.jpg 360w, https:\/\/armstrongyregion.com.ar\/diario\/wp-content\/uploads\/2026\/03\/control-3--225x300.jpg 225w, https:\/\/armstrongyregion.com.ar\/diario\/wp-content\/uploads\/2026\/03\/control-3-.jpg 600w\" sizes=\"auto, (max-width: 360px) 100vw, 360px\" \/><\/figure>\n\n\n\n<p><br>Operativo de control en Ruta Nacional N\u00b0 9 y Paraguay, en conjunto con la Agencia<br>Provincial de Seguridad Vial, Polic\u00eda de Seguridad Vial, Comando Radioel\u00e9ctrico, Comisar\u00eda<br>Tercera y Agentes de Tr\u00e1nsito, consistente en alcoholemias, fiscalizaci\u00f3n de documentaci\u00f3n<br>obligatoria para circular, excesos de pasajeros, uso de dispositivos de seguridad, etc.<br>El d\u00eda viernes 13, se procedi\u00f3 al secuestro de mercader\u00eda por venta ambulante no autorizada<br>en la v\u00eda p\u00fablica. Infractor mayor de edad. Interviene el Juzgado Municipal de Faltas.<\/p>\n\n\n\n<p><\/p>\n","protected":false},"excerpt":{"rendered":"<p>El \u00c1rea de Orden P\u00fablico de la Municipalidad de Armstrong inform\u00f3 que en el transcurso dela \u00faltima semana se procedi\u00f3 a realizar recorridos en coordinaci\u00f3n con Polic\u00eda y central demonitoreo para acciones de prevenci\u00f3n de faltas y delitos, con presencia efectiva en barrioFoNaVi Sur incluyendo plaza Nona Rocha. Estos recorridos con presencia preventiva se extienden <a href=\"https:\/\/armstrongyregion.com.ar\/diario\/refuerzan-la-prevencion-y-los-controles-de-seguridad-en-armstrong\/\" title=\"Read more\" >&#8230;<\/a><\/p>\n","protected":false},"author":1,"featured_media":48125,"comment_status":"open","ping_status":"open","sticky":false,"template":"","format":"image","meta":{"_jetpack_memberships_contains_paid_content":false,"footnotes":"","jetpack_publicize_message":"","jetpack_publicize_feature_enabled":true,"jetpack_social_post_already_shared":true,"jetpack_social_options":{"image_generator_settings":{"template":"highway","default_image_id":0,"enabled":false},"version":2}},"categories":[8,1,2,7,3],"tags":[569,5030,11390,1573,4499,12416],"class_list":["post-48122","post","type-post","status-publish","format-image","has-post-thumbnail","hentry","category-deliberando","category-diario-armstrong","category-locales","category-politica","category-region","tag-controles","tag-diario-armstrong","tag-orden-publico-4","tag-prevencion","tag-refuerzan","tag-seguridad-armstrong","post_format-post-format-image"],"jetpack_publicize_connections":[],"jetpack_featured_media_url":"https:\/\/armstrongyregion.com.ar\/diario\/wp-content\/uploads\/2026\/03\/control-2-.jpg","jetpack_shortlink":"https:\/\/wp.me\/p62QDO-cwa","jetpack_sharing_enabled":true,"amp_enabled":true,"_links":{"self":[{"href":"https:\/\/armstrongyregion.com.ar\/diario\/wp-json\/wp\/v2\/posts\/48122","targetHints":{"allow":["GET"]}}],"collection":[{"href":"https:\/\/armstrongyregion.com.ar\/diario\/wp-json\/wp\/v2\/posts"}],"about":[{"href":"https:\/\/armstrongyregion.com.ar\/diario\/wp-json\/wp\/v2\/types\/post"}],"author":[{"embeddable":true,"href":"https:\/\/armstrongyregion.com.ar\/diario\/wp-json\/wp\/v2\/users\/1"}],"replies":[{"embeddable":true,"href":"https:\/\/armstrongyregion.com.ar\/diario\/wp-json\/wp\/v2\/comments?post=48122"}],"version-history":[{"count":1,"href":"https:\/\/armstrongyregion.com.ar\/diario\/wp-json\/wp\/v2\/posts\/48122\/revisions"}],"predecessor-version":[{"id":48127,"href":"https:\/\/armstrongyregion.com.ar\/diario\/wp-json\/wp\/v2\/posts\/48122\/revisions\/48127"}],"wp:featuredmedia":[{"embeddable":true,"href":"https:\/\/armstrongyregion.com.ar\/diario\/wp-json\/wp\/v2\/media\/48125"}],"wp:attachment":[{"href":"https:\/\/armstrongyregion.com.ar\/diario\/wp-json\/wp\/v2\/media?parent=48122"}],"wp:term":[{"taxonomy":"category","embeddable":true,"href":"https:\/\/armstrongyregion.com.ar\/diario\/wp-json\/wp\/v2\/categories?post=48122"},{"taxonomy":"post_tag","embeddable":true,"href":"https:\/\/armstrongyregion.com.ar\/diario\/wp-json\/wp\/v2\/tags?post=48122"}],"curies":[{"name":"wp","href":"https:\/\/api.w.org\/{rel}","templated":true}]}}