{"id":48119,"date":"2026-03-14T00:05:22","date_gmt":"2026-03-14T00:05:22","guid":{"rendered":"https:\/\/armstrongyregion.com.ar\/diario\/?p=48119"},"modified":"2026-03-14T00:05:24","modified_gmt":"2026-03-14T00:05:24","slug":"las-rosas-tendra-un-concejal-menos-en-el-recinto","status":"publish","type":"post","link":"https:\/\/armstrongyregion.com.ar\/diario\/las-rosas-tendra-un-concejal-menos-en-el-recinto\/","title":{"rendered":"Las Rosas tendr\u00e1 un concejal menos en el recinto."},"content":{"rendered":"\n<figure class=\"wp-block-image size-full\"><img loading=\"lazy\" decoding=\"async\" width=\"572\" height=\"352\" src=\"https:\/\/armstrongyregion.com.ar\/diario\/wp-content\/uploads\/2026\/03\/senado-imagen.jpg\" alt=\"\" class=\"wp-image-48120\" srcset=\"https:\/\/armstrongyregion.com.ar\/diario\/wp-content\/uploads\/2026\/03\/senado-imagen.jpg 572w, https:\/\/armstrongyregion.com.ar\/diario\/wp-content\/uploads\/2026\/03\/senado-imagen-300x185.jpg 300w\" sizes=\"auto, (max-width: 572px) 100vw, 572px\" \/><\/figure>\n\n\n\n<p><strong>El reordenamiento del legislativo aprobado en el Senado determina la eliminaci\u00f3n de un esca\u00f1o. Autoridades provinciales confirmaron la medida que reconfigura el escenario pol\u00edtico de la localidad.<\/strong><\/p>\n\n\n\n<p>El Concejo Deliberante de Las Rosas experimentar\u00e1 una modificaci\u00f3n hist\u00f3rica en su estructura organizativa: a partir de la pr\u00f3xima conformaci\u00f3n legislativa, la ciudad contar\u00e1 con un concejal menos. La medida, derivada de los recientes ajustes en la proporci\u00f3n institucional y poblacional de la provincia de Santa Fe, obliga a reconfigurar el escenario pol\u00edtico local.<\/p>\n\n\n\n<p>Esta alteraci\u00f3n en el n\u00famero de bancas responde a la aplicaci\u00f3n de nuevas normativas que regular\u00e1n la representaci\u00f3n legislativa de los municipios. No est\u00e1 claro como ser\u00e1 el proceso hasta esta situaci\u00f3n.<\/p>\n\n\n\n<h3 class=\"wp-block-heading\">Puntos m\u00e1s destacados que cambian el mapa pol\u00edtico y administrativo de nuestras localidades<\/h3>\n\n\n\n<p>El Senado dio luz verde al nuevo marco que regula el funcionamiento institucional de los municipios. La norma funcionar\u00e1 como regla general y tambi\u00e9n como esquema supletorio para aquellas ciudades que dicten su propia carta org\u00e1nica.<\/p>\n\n\n\n<ul class=\"wp-block-list\">\n<li><strong>Ejecutivo y mandatos:<\/strong>\u00a0Las intendencias tendr\u00e1n mandatos de cuatro a\u00f1os con opci\u00f3n a una sola reelecci\u00f3n consecutiva. La ley no contempla la figura del viceintendente por defecto; su creaci\u00f3n depender\u00e1 de lo que disponga cada ciudad en su carta org\u00e1nica.<\/li>\n\n\n\n<li><strong>Renovaci\u00f3n de los Concejos:<\/strong>\u00a0El n\u00famero de bancas se ajustar\u00e1 a la cantidad de habitantes, salvo en Rosario y Santa Fe que mantienen su esquema actual. Los ediles durar\u00e1n cuatro a\u00f1os en sus bancas, y se renuevan todas juntas con una reelecci\u00f3n permitida. En localidades con m\u00e1s de 20.000 habitantes, el concejo se renovar\u00e1 por mitades cada dos a\u00f1os.<\/li>\n\n\n\n<li><strong>Rol en la Seguridad:<\/strong>\u00a0Los municipios sumar\u00e1n competencias en planificaci\u00f3n urbana, ambiente y salud. Sin embargo, en materia de seguridad, su accionar se limitar\u00e1 exclusivamente a la prevenci\u00f3n social y el monitoreo. La seguridad p\u00fablica y el uso de la fuerza seguir\u00e1n en manos de la provincia.<\/li>\n\n\n\n<li><strong>Finanzas y Fondo Educativo:<\/strong>\u00a0Se imponen normas de responsabilidad fiscal, control de contrataciones y topes al endeudamiento. Un dato central: los municipios quedan obligados a destinar al menos el 10% de sus rentas anuales al Fondo de Asistencia Educativa (FAE) y a cultura.<\/li>\n\n\n\n<li><strong>Participaci\u00f3n ciudadana y control:<\/strong>\u00a0Se incorporan herramientas de peso para los vecinos, como la iniciativa popular, el refer\u00e9ndum vinculante, la revocatoria de mandato y el presupuesto participativo. A la par, se exige crear \u00f3rganos de control externo y garantizar el acceso a la informaci\u00f3n.<\/li>\n\n\n\n<li><strong>Transiciones ordenadas:<\/strong>\u00a0Se termina el margen para las sorpresas de \u00faltimo minuto. La ley crea una mesa de transici\u00f3n obligatoria entre gestiones salientes y entrantes, obligando a entregar la informaci\u00f3n detallada del estado administrativo y limitando las decisiones que comprometan a la futura gesti\u00f3n.<\/li>\n\n\n\n<li><strong>Trabajo regional:<\/strong>\u00a0Se fomenta la creaci\u00f3n de \u00e1reas metropolitanas y regiones para coordinar pol\u00edticas p\u00fablicas y obras conjuntas entre localidades vecinas. Se suma adem\u00e1s el funcionamiento de una justicia municipal de faltas para las ordenanzas locales.<\/li>\n<\/ul>\n\n\n\n<p><\/p>\n","protected":false},"excerpt":{"rendered":"<p>El reordenamiento del legislativo aprobado en el Senado determina la eliminaci\u00f3n de un esca\u00f1o. Autoridades provinciales confirmaron la medida que reconfigura el escenario pol\u00edtico de la localidad. El Concejo Deliberante de Las Rosas experimentar\u00e1 una modificaci\u00f3n hist\u00f3rica en su estructura organizativa: a partir de la pr\u00f3xima conformaci\u00f3n legislativa, la ciudad contar\u00e1 con un concejal menos. <a href=\"https:\/\/armstrongyregion.com.ar\/diario\/las-rosas-tendra-un-concejal-menos-en-el-recinto\/\" title=\"Read more\" >&#8230;<\/a><\/p>\n","protected":false},"author":1,"featured_media":48120,"comment_status":"open","ping_status":"open","sticky":false,"template":"","format":"image","meta":{"_jetpack_memberships_contains_paid_content":false,"footnotes":"","jetpack_publicize_message":"","jetpack_publicize_feature_enabled":true,"jetpack_social_post_already_shared":true,"jetpack_social_options":{"image_generator_settings":{"template":"highway","default_image_id":0,"enabled":false},"version":2}},"categories":[6,8,1,2,7,3],"tags":[673,5030,8883,12415],"class_list":["post-48119","post","type-post","status-publish","format-image","has-post-thumbnail","hentry","category-cultura-entretenimiento","category-deliberando","category-diario-armstrong","category-locales","category-politica","category-region","tag-concejal","tag-diario-armstrong","tag-las-rosas-2","tag-recinto","post_format-post-format-image"],"jetpack_publicize_connections":[],"jetpack_featured_media_url":"https:\/\/armstrongyregion.com.ar\/diario\/wp-content\/uploads\/2026\/03\/senado-imagen.jpg","jetpack_shortlink":"https:\/\/wp.me\/p62QDO-cw7","jetpack_sharing_enabled":true,"amp_enabled":true,"_links":{"self":[{"href":"https:\/\/armstrongyregion.com.ar\/diario\/wp-json\/wp\/v2\/posts\/48119","targetHints":{"allow":["GET"]}}],"collection":[{"href":"https:\/\/armstrongyregion.com.ar\/diario\/wp-json\/wp\/v2\/posts"}],"about":[{"href":"https:\/\/armstrongyregion.com.ar\/diario\/wp-json\/wp\/v2\/types\/post"}],"author":[{"embeddable":true,"href":"https:\/\/armstrongyregion.com.ar\/diario\/wp-json\/wp\/v2\/users\/1"}],"replies":[{"embeddable":true,"href":"https:\/\/armstrongyregion.com.ar\/diario\/wp-json\/wp\/v2\/comments?post=48119"}],"version-history":[{"count":1,"href":"https:\/\/armstrongyregion.com.ar\/diario\/wp-json\/wp\/v2\/posts\/48119\/revisions"}],"predecessor-version":[{"id":48121,"href":"https:\/\/armstrongyregion.com.ar\/diario\/wp-json\/wp\/v2\/posts\/48119\/revisions\/48121"}],"wp:featuredmedia":[{"embeddable":true,"href":"https:\/\/armstrongyregion.com.ar\/diario\/wp-json\/wp\/v2\/media\/48120"}],"wp:attachment":[{"href":"https:\/\/armstrongyregion.com.ar\/diario\/wp-json\/wp\/v2\/media?parent=48119"}],"wp:term":[{"taxonomy":"category","embeddable":true,"href":"https:\/\/armstrongyregion.com.ar\/diario\/wp-json\/wp\/v2\/categories?post=48119"},{"taxonomy":"post_tag","embeddable":true,"href":"https:\/\/armstrongyregion.com.ar\/diario\/wp-json\/wp\/v2\/tags?post=48119"}],"curies":[{"name":"wp","href":"https:\/\/api.w.org\/{rel}","templated":true}]}}