{"id":48112,"date":"2026-03-13T01:41:29","date_gmt":"2026-03-13T01:41:29","guid":{"rendered":"https:\/\/armstrongyregion.com.ar\/diario\/?p=48112"},"modified":"2026-03-13T01:41:31","modified_gmt":"2026-03-13T01:41:31","slug":"el-diputado-italiano-por-sudamerica-franco-tirelli-visita-las-parejas-y-las-rosas-cual-es-la-agenda-de-actividades","status":"publish","type":"post","link":"https:\/\/armstrongyregion.com.ar\/diario\/el-diputado-italiano-por-sudamerica-franco-tirelli-visita-las-parejas-y-las-rosas-cual-es-la-agenda-de-actividades\/","title":{"rendered":"El Diputado Italiano por Sudam\u00e9rica Franco Tirelli visita Las Parejas y Las Rosas \u00bfCu\u00e1l es la agenda de actividades?"},"content":{"rendered":"\n<figure class=\"wp-block-image size-large\"><img loading=\"lazy\" decoding=\"async\" width=\"640\" height=\"333\" src=\"https:\/\/armstrongyregion.com.ar\/diario\/wp-content\/uploads\/2026\/03\/mi-tirelli-campagnucci-1-e1773350825782-1024x533-1-640x333.png\" alt=\"\" class=\"wp-image-48113\" srcset=\"https:\/\/armstrongyregion.com.ar\/diario\/wp-content\/uploads\/2026\/03\/mi-tirelli-campagnucci-1-e1773350825782-1024x533-1-640x333.png 640w, https:\/\/armstrongyregion.com.ar\/diario\/wp-content\/uploads\/2026\/03\/mi-tirelli-campagnucci-1-e1773350825782-1024x533-1-300x156.png 300w, https:\/\/armstrongyregion.com.ar\/diario\/wp-content\/uploads\/2026\/03\/mi-tirelli-campagnucci-1-e1773350825782-1024x533-1-768x400.png 768w, https:\/\/armstrongyregion.com.ar\/diario\/wp-content\/uploads\/2026\/03\/mi-tirelli-campagnucci-1-e1773350825782-1024x533-1.png 1024w\" sizes=\"auto, (max-width: 640px) 100vw, 640px\" \/><\/figure>\n\n\n\n<h2 class=\"wp-block-heading\">El legislador europeo recorre este viernes 13 de marzo, dos ciudades del sur de Santa Fe con fuerte impronta italiana. \u00a0En la agenda: reactivar hermanamientos, reconocimiento de t\u00edtulos y el futuro de la lengua italiana en la regi\u00f3n.<\/h2>\n\n\n\n<p>El Diputado Italiano,&nbsp;<strong>Franco Tirelli,&nbsp;<\/strong>realiza este viernes 13 de marzo una visita oficial a&nbsp;<strong>Las Parejas<\/strong>&nbsp;y&nbsp;<strong>Las Rosas<\/strong>, dos ciudades del sur de la provincia de Santa Fe con profundas ra\u00edces italianas. La jornada combina reuniones institucionales de alto nivel con recorridas por espacios culturales y educativos que son coraz\u00f3n de la comunidad italiana local.<\/p>\n\n\n\n<p>La primera escala es Las Parejas, ciudad agroindustrial hermanada con&nbsp;<strong>Mathi Canavese<\/strong>, localidad de la regi\u00f3n de Piamonte, provincia de Tur\u00edn.<\/p>\n\n\n\n<p>A las&nbsp;<strong>9:00 hs<\/strong>, Tirelli ser\u00e1 recibido en su despacho por el intendente&nbsp;<strong>Horacio Compagnucci<\/strong>. El eje central de esa reuni\u00f3n ser\u00e1&nbsp;<strong>reactivar el hermanamiento con Mathi Canavese<\/strong>&nbsp;y explorar una mesa de trabajo conjunta en materia de educaci\u00f3n, econom\u00eda, industria y ciencia entre Las Parejas e Italia. Tambi\u00e9n tratar\u00e1n la&nbsp;<strong>doble titulaci\u00f3n para ingenieros argentinos en Italia.&nbsp;<\/strong><\/p>\n\n\n\n<p>A las&nbsp;<strong>10:30<\/strong>, la visita contin\u00faa en el&nbsp;<strong>Colegio Dante Alighieri<\/strong>, donde directivos y alumnos recibir\u00e1n al legislador. La recorrida incluye la mutual, el colegio y el hist\u00f3rico cine, todos bajo el mismo techo.<\/p>\n\n\n\n<p>Los temas sobre la mesa son urgentes: el&nbsp;<strong>reconocimiento del colegio en Italia<\/strong>, la necesidad de&nbsp;<strong>profesores de idioma italiano.&nbsp;<\/strong>Se estudiar\u00e1 la posibilidad de establecer un&nbsp;<strong>puente bidireccional<\/strong>&nbsp;enviando profesores de lengua espa\u00f1ola hacia Italia. Tambi\u00e9n evaluar\u00e1n el proyecto de&nbsp;<strong>reacondicionar la sala de cine<\/strong>, espacio cultural central.<\/p>\n\n\n\n<p>Por la tarde, el diputado Tirelli se traslada a&nbsp;<strong>Las Rosas<\/strong>. A las&nbsp;<strong>14,&nbsp;<\/strong>ser\u00e1 recibido por directivos de la Sociedad Italiana y del Colegio Dante Alighieri local, con recorrida por el colegio, la mutual y el teatro. La agenda tambi\u00e9n incluye la necesidad de&nbsp;<strong>profesores de italiano y capacitaci\u00f3n docente.&nbsp;<\/strong>Adem\u00e1s evaluar alternativas para potenciar el &nbsp;patrimonio cultural de la comunidad.<\/p>\n\n\n\n<p>El diputado tambi\u00e9n abordar\u00e1 los alcances del programa de hermanamientos entre ciudades argentinas e italianas, con especial foco en las localidades del sur santafesino, donde la impronta italiana sigue siendo determinante en la identidad colectiva, la cultura y la econom\u00eda regional.<\/p>\n\n\n\n<figure class=\"wp-block-image\"><img decoding=\"async\" src=\"https:\/\/mondoitalia.ar\/wp-content\/uploads\/2026\/03\/MondoItalia_Flyer_Tirelli-2.png\" alt=\"\" class=\"wp-image-616\"\/><\/figure>\n","protected":false},"excerpt":{"rendered":"<p>El legislador europeo recorre este viernes 13 de marzo, dos ciudades del sur de Santa Fe con fuerte impronta italiana. \u00a0En la agenda: reactivar hermanamientos, reconocimiento de t\u00edtulos y el futuro de la lengua italiana en la regi\u00f3n. El Diputado Italiano,&nbsp;Franco Tirelli,&nbsp;realiza este viernes 13 de marzo una visita oficial a&nbsp;Las Parejas&nbsp;y&nbsp;Las Rosas, dos ciudades <a href=\"https:\/\/armstrongyregion.com.ar\/diario\/el-diputado-italiano-por-sudamerica-franco-tirelli-visita-las-parejas-y-las-rosas-cual-es-la-agenda-de-actividades\/\" title=\"Read more\" >&#8230;<\/a><\/p>\n","protected":false},"author":1,"featured_media":48114,"comment_status":"open","ping_status":"open","sticky":false,"template":"","format":"image","meta":{"_jetpack_memberships_contains_paid_content":false,"footnotes":"","jetpack_publicize_message":"","jetpack_publicize_feature_enabled":true,"jetpack_social_post_already_shared":true,"jetpack_social_options":{"image_generator_settings":{"template":"highway","default_image_id":0,"enabled":false},"version":2}},"categories":[6,8,1,2,7,3],"tags":[263,2506,5030,12410,12411,509,8883,28],"class_list":["post-48112","post","type-post","status-publish","format-image","has-post-thumbnail","hentry","category-cultura-entretenimiento","category-deliberando","category-diario-armstrong","category-locales","category-politica","category-region","tag-actividades","tag-agenda","tag-diario-armstrong","tag-diputado-italiano","tag-franco-tirelli","tag-las-parejas","tag-las-rosas-2","tag-visita","post_format-post-format-image"],"jetpack_publicize_connections":[],"jetpack_featured_media_url":"https:\/\/armstrongyregion.com.ar\/diario\/wp-content\/uploads\/2026\/03\/mi-tirelli-campagnucci-1-e1773350825782-1024x533-2.png","jetpack_shortlink":"https:\/\/wp.me\/p62QDO-cw0","jetpack_sharing_enabled":true,"amp_enabled":true,"_links":{"self":[{"href":"https:\/\/armstrongyregion.com.ar\/diario\/wp-json\/wp\/v2\/posts\/48112","targetHints":{"allow":["GET"]}}],"collection":[{"href":"https:\/\/armstrongyregion.com.ar\/diario\/wp-json\/wp\/v2\/posts"}],"about":[{"href":"https:\/\/armstrongyregion.com.ar\/diario\/wp-json\/wp\/v2\/types\/post"}],"author":[{"embeddable":true,"href":"https:\/\/armstrongyregion.com.ar\/diario\/wp-json\/wp\/v2\/users\/1"}],"replies":[{"embeddable":true,"href":"https:\/\/armstrongyregion.com.ar\/diario\/wp-json\/wp\/v2\/comments?post=48112"}],"version-history":[{"count":1,"href":"https:\/\/armstrongyregion.com.ar\/diario\/wp-json\/wp\/v2\/posts\/48112\/revisions"}],"predecessor-version":[{"id":48115,"href":"https:\/\/armstrongyregion.com.ar\/diario\/wp-json\/wp\/v2\/posts\/48112\/revisions\/48115"}],"wp:featuredmedia":[{"embeddable":true,"href":"https:\/\/armstrongyregion.com.ar\/diario\/wp-json\/wp\/v2\/media\/48114"}],"wp:attachment":[{"href":"https:\/\/armstrongyregion.com.ar\/diario\/wp-json\/wp\/v2\/media?parent=48112"}],"wp:term":[{"taxonomy":"category","embeddable":true,"href":"https:\/\/armstrongyregion.com.ar\/diario\/wp-json\/wp\/v2\/categories?post=48112"},{"taxonomy":"post_tag","embeddable":true,"href":"https:\/\/armstrongyregion.com.ar\/diario\/wp-json\/wp\/v2\/tags?post=48112"}],"curies":[{"name":"wp","href":"https:\/\/api.w.org\/{rel}","templated":true}]}}