{"id":48101,"date":"2026-03-11T22:43:35","date_gmt":"2026-03-11T22:43:35","guid":{"rendered":"https:\/\/armstrongyregion.com.ar\/diario\/?p=48101"},"modified":"2026-03-11T22:43:36","modified_gmt":"2026-03-11T22:43:36","slug":"armstrong-se-prepara-para-conmemorar-el-dia-mundial-del-clima-con-foco-en-la-educacion-y-el-reciclado","status":"publish","type":"post","link":"https:\/\/armstrongyregion.com.ar\/diario\/armstrong-se-prepara-para-conmemorar-el-dia-mundial-del-clima-con-foco-en-la-educacion-y-el-reciclado\/","title":{"rendered":"Armstrong se prepara para conmemorar el D\u00eda Mundial del Clima con foco en la educaci\u00f3n y el reciclado."},"content":{"rendered":"\n<figure class=\"wp-block-image size-large\"><img loading=\"lazy\" decoding=\"async\" width=\"640\" height=\"480\" src=\"https:\/\/armstrongyregion.com.ar\/diario\/wp-content\/uploads\/2026\/03\/RODRIGO-MIGLIOZZI-26--640x480.jpg\" alt=\"\" class=\"wp-image-48102\" srcset=\"https:\/\/armstrongyregion.com.ar\/diario\/wp-content\/uploads\/2026\/03\/RODRIGO-MIGLIOZZI-26--640x480.jpg 640w, https:\/\/armstrongyregion.com.ar\/diario\/wp-content\/uploads\/2026\/03\/RODRIGO-MIGLIOZZI-26--300x225.jpg 300w, https:\/\/armstrongyregion.com.ar\/diario\/wp-content\/uploads\/2026\/03\/RODRIGO-MIGLIOZZI-26-.jpg 714w\" sizes=\"auto, (max-width: 640px) 100vw, 640px\" \/><\/figure>\n\n\n\n<h2 class=\"wp-block-heading\">El Concejo Deliberante aprob\u00f3 una minuta de declaraci\u00f3n impulsada por el bloque Unidos. El concejal Rodrigo Migliozzi destac\u00f3 la importancia de fortalecer el v\u00ednculo con las instituciones locales y anunci\u00f3 el inicio de las actividades ambientales en la Plaza Santa Rita.<\/h2>\n\n\n\n<p>En el marco de la \u00faltima sesi\u00f3n del Concejo Deliberante, se aprob\u00f3 la conmemoraci\u00f3n del <strong>D\u00eda Mundial del Clima<\/strong>, que se celebra cada <strong>26 de marzo<\/strong>. El proyecto, presentado por el bloque Unidos, busca no solo invitar a la reflexi\u00f3n, sino tambi\u00e9n impulsar acciones concretas de cuidado del medio ambiente en conjunto con la comunidad.<\/p>\n\n\n\n<p><strong>Acciones en el territorio<\/strong>.<\/p>\n\n\n\n<p> El concejal Rodrigo Migliozzi explic\u00f3 que la intenci\u00f3n es sostener y ampliar las actividades que se vienen desarrollando desde el a\u00f1o pasado. <strong>\u00abQueremos invitar a las instituciones educativas, deportivas y sociales a que se sumen con sus propias ideas. Nosotros, como bloque y equipo, estamos para acompa\u00f1ar ese operar en los diferentes espacios de la ciudad\u00bb<\/strong>, se\u00f1al\u00f3.<\/p>\n\n\n\n<p>La agenda comenzar\u00e1 formalmente en la <strong>Plaza Santa Rita<\/strong>, un espacio emblem\u00e1tico para estas jornadas. All\u00ed, los vecinos podr\u00e1n acercar sus materiales reciclables habituales (aluminio, cart\u00f3n y pl\u00e1stico) y, a cambio, recibir plantines. Adem\u00e1s, Migliozzi adelant\u00f3 que este a\u00f1o se buscar\u00e1 profundizar en el tratamiento de residuos m\u00e1s espec\u00edficos:<strong> \u00abEstamos trabajando para sumar la recolecci\u00f3n de desechos tecnol\u00f3gicos, pilas y aceites vegetales usados\u00bb.<\/strong><\/p>\n\n\n\n<p><strong>Educaci\u00f3n y microbasurales<\/strong>.<\/p>\n\n\n\n<p> Un punto central de las declaraciones del edil fue la problem\u00e1tica de los microbasurales, una inquietud recurrente de los vecinos en diversos barrios. El concejal enfatiz\u00f3 que la soluci\u00f3n no es solo operativa, sino fundamentalmente educativa.<\/p>\n\n\n\n<p><strong>\u00abEstas pr\u00e1cticas educan. Y no hablamos solo de las infancias, que son las que luego llevan el mensaje a casa, sino tambi\u00e9n de los adultos. Tenemos que reeducarnos como vecinos, no ser c\u00f3mplices de lo que observamos y trabajar junto al Ejecutivo para desarticular estos focos\u00bb<\/strong>, remarc\u00f3 Migliozzi. Desde el bloque se inst\u00f3 a la ciudadan\u00eda a participar activamente de las jornadas de reciclado como una forma directa de combatir la generaci\u00f3n de basurales a cielo abierto y proteger el clima local.<\/p>\n","protected":false},"excerpt":{"rendered":"<p>El Concejo Deliberante aprob\u00f3 una minuta de declaraci\u00f3n impulsada por el bloque Unidos. El concejal Rodrigo Migliozzi destac\u00f3 la importancia de fortalecer el v\u00ednculo con las instituciones locales y anunci\u00f3 el inicio de las actividades ambientales en la Plaza Santa Rita. En el marco de la \u00faltima sesi\u00f3n del Concejo Deliberante, se aprob\u00f3 la conmemoraci\u00f3n <a href=\"https:\/\/armstrongyregion.com.ar\/diario\/armstrong-se-prepara-para-conmemorar-el-dia-mundial-del-clima-con-foco-en-la-educacion-y-el-reciclado\/\" title=\"Read more\" >&#8230;<\/a><\/p>\n","protected":false},"author":1,"featured_media":48102,"comment_status":"open","ping_status":"open","sticky":false,"template":"","format":"image","meta":{"_jetpack_memberships_contains_paid_content":false,"footnotes":"","jetpack_publicize_message":"","jetpack_publicize_feature_enabled":true,"jetpack_social_post_already_shared":true,"jetpack_social_options":{"image_generator_settings":{"template":"highway","default_image_id":0,"enabled":false},"version":2}},"categories":[6,8,1,2,7,3],"tags":[20,12405,12404,5030,11836,9860],"class_list":["post-48101","post","type-post","status-publish","format-image","has-post-thumbnail","hentry","category-cultura-entretenimiento","category-deliberando","category-diario-armstrong","category-locales","category-politica","category-region","tag-armstrong","tag-concejal-rodrigo-migliozzi","tag-dia-mundial-del-clima","tag-diario-armstrong","tag-educacion-4","tag-reciclado","post_format-post-format-image"],"jetpack_publicize_connections":[],"jetpack_featured_media_url":"https:\/\/armstrongyregion.com.ar\/diario\/wp-content\/uploads\/2026\/03\/RODRIGO-MIGLIOZZI-26-.jpg","jetpack_shortlink":"https:\/\/wp.me\/p62QDO-cvP","jetpack_sharing_enabled":true,"amp_enabled":true,"_links":{"self":[{"href":"https:\/\/armstrongyregion.com.ar\/diario\/wp-json\/wp\/v2\/posts\/48101","targetHints":{"allow":["GET"]}}],"collection":[{"href":"https:\/\/armstrongyregion.com.ar\/diario\/wp-json\/wp\/v2\/posts"}],"about":[{"href":"https:\/\/armstrongyregion.com.ar\/diario\/wp-json\/wp\/v2\/types\/post"}],"author":[{"embeddable":true,"href":"https:\/\/armstrongyregion.com.ar\/diario\/wp-json\/wp\/v2\/users\/1"}],"replies":[{"embeddable":true,"href":"https:\/\/armstrongyregion.com.ar\/diario\/wp-json\/wp\/v2\/comments?post=48101"}],"version-history":[{"count":1,"href":"https:\/\/armstrongyregion.com.ar\/diario\/wp-json\/wp\/v2\/posts\/48101\/revisions"}],"predecessor-version":[{"id":48103,"href":"https:\/\/armstrongyregion.com.ar\/diario\/wp-json\/wp\/v2\/posts\/48101\/revisions\/48103"}],"wp:featuredmedia":[{"embeddable":true,"href":"https:\/\/armstrongyregion.com.ar\/diario\/wp-json\/wp\/v2\/media\/48102"}],"wp:attachment":[{"href":"https:\/\/armstrongyregion.com.ar\/diario\/wp-json\/wp\/v2\/media?parent=48101"}],"wp:term":[{"taxonomy":"category","embeddable":true,"href":"https:\/\/armstrongyregion.com.ar\/diario\/wp-json\/wp\/v2\/categories?post=48101"},{"taxonomy":"post_tag","embeddable":true,"href":"https:\/\/armstrongyregion.com.ar\/diario\/wp-json\/wp\/v2\/tags?post=48101"}],"curies":[{"name":"wp","href":"https:\/\/api.w.org\/{rel}","templated":true}]}}