{"id":481,"date":"2015-01-17T16:30:07","date_gmt":"2015-01-17T16:30:07","guid":{"rendered":"https:\/\/armstrongyregion.com.ar\/diario\/?p=481"},"modified":"2015-01-17T16:31:03","modified_gmt":"2015-01-17T16:31:03","slug":"canada-de-gomez-reunion-entre-municipio-y-centro-economico-por-el-centro-comercial-a-cielo-abierto","status":"publish","type":"post","link":"https:\/\/armstrongyregion.com.ar\/diario\/canada-de-gomez-reunion-entre-municipio-y-centro-economico-por-el-centro-comercial-a-cielo-abierto\/","title":{"rendered":"Ca\u00f1ada de G\u00f3mez. Reuni\u00f3n entre municipio y centro econ\u00f3mico por el centro comercial a cielo abierto."},"content":{"rendered":"<p><a href=\"http:\/\/armstrongyregion.com.ar\/diario\/wp-content\/uploads\/2015\/01\/IMG_1273.jpg\"><img loading=\"lazy\" decoding=\"async\" class=\"alignnone size-medium wp-image-482\" src=\"http:\/\/armstrongyregion.com.ar\/diario\/wp-content\/uploads\/2015\/01\/IMG_1273-300x225.jpg\" alt=\"Centro Comercial.\" width=\"300\" height=\"225\" srcset=\"https:\/\/armstrongyregion.com.ar\/diario\/wp-content\/uploads\/2015\/01\/IMG_1273-300x225.jpg 300w, https:\/\/armstrongyregion.com.ar\/diario\/wp-content\/uploads\/2015\/01\/IMG_1273.jpg 400w\" sizes=\"auto, (max-width: 300px) 100vw, 300px\" \/><\/a>Se trabaja conjuntamente en la elaboraci\u00f3n de un proyecto que contempla mejoras y distintas intervenciones en la ruta 9.<\/p>\n<p>Funcionarios del Ejecutivo Municipal se reunieron con autoridades del Centro Econ\u00f3mico de nuestra ciudad y profesionales de la Confederaci\u00f3n<br \/>\nArgentina de la Mediana Empresa, para avanzar en el Centro Comercial a<br \/>\nCielo Abierto.<br \/>\nCon el asesoramiento de la arquitecta Nora Larosa, integrante de Came,<br \/>\nse elaborar\u00e1 un proyecto contemplando mejoras en la ruta 9, trabajos de<br \/>\niluminaci\u00f3n y creaci\u00f3n de espacios p\u00fablicos. \u201cEs un proyecto ambicioso<br \/>\nen el que vamos a trabajar junto a los vecinos y comerciantes para que<br \/>\nnuestra ciudad siga afianz\u00e1ndose como polo comercial de la regi\u00f3n\u201d,<br \/>\nexplic\u00f3 el Secretario Legal y T\u00e9cnico del Municipio Fabi\u00e1n Speca.<\/p>\n","protected":false},"excerpt":{"rendered":"<p>Se trabaja conjuntamente en la elaboraci\u00f3n de un proyecto que contempla mejoras y distintas intervenciones en la ruta 9. Funcionarios del Ejecutivo Municipal se reunieron con autoridades del Centro Econ\u00f3mico de nuestra ciudad y profesionales de la Confederaci\u00f3n Argentina de la Mediana Empresa, para avanzar en el Centro Comercial a Cielo Abierto. Con el asesoramiento <a href=\"https:\/\/armstrongyregion.com.ar\/diario\/canada-de-gomez-reunion-entre-municipio-y-centro-economico-por-el-centro-comercial-a-cielo-abierto\/\" title=\"Read more\" >&#8230;<\/a><\/p>\n","protected":false},"author":2,"featured_media":484,"comment_status":"open","ping_status":"open","sticky":false,"template":"","format":"standard","meta":{"_jetpack_memberships_contains_paid_content":false,"footnotes":"","jetpack_publicize_message":"","jetpack_publicize_feature_enabled":true,"jetpack_social_post_already_shared":false,"jetpack_social_options":{"image_generator_settings":{"template":"highway","default_image_id":0,"enabled":false},"version":2}},"categories":[1,3],"tags":[33,465,163,21,464,463,19,165,16,356,164,217,60,462,13],"class_list":["post-481","post","type-post","status-publish","format-standard","has-post-thumbnail","hentry","category-diario-armstrong","category-region","tag-a","tag-abierto","tag-canada","tag-centro","tag-cielo","tag-comercial","tag-de","tag-economico","tag-el","tag-entre","tag-gomez","tag-municipio","tag-por","tag-reunion","tag-y"],"jetpack_publicize_connections":[],"jetpack_featured_media_url":"https:\/\/armstrongyregion.com.ar\/diario\/wp-content\/uploads\/2015\/01\/IMG_12731.jpg","jetpack_shortlink":"https:\/\/wp.me\/p62QDO-7L","jetpack_sharing_enabled":true,"amp_enabled":true,"_links":{"self":[{"href":"https:\/\/armstrongyregion.com.ar\/diario\/wp-json\/wp\/v2\/posts\/481","targetHints":{"allow":["GET"]}}],"collection":[{"href":"https:\/\/armstrongyregion.com.ar\/diario\/wp-json\/wp\/v2\/posts"}],"about":[{"href":"https:\/\/armstrongyregion.com.ar\/diario\/wp-json\/wp\/v2\/types\/post"}],"author":[{"embeddable":true,"href":"https:\/\/armstrongyregion.com.ar\/diario\/wp-json\/wp\/v2\/users\/2"}],"replies":[{"embeddable":true,"href":"https:\/\/armstrongyregion.com.ar\/diario\/wp-json\/wp\/v2\/comments?post=481"}],"version-history":[{"count":0,"href":"https:\/\/armstrongyregion.com.ar\/diario\/wp-json\/wp\/v2\/posts\/481\/revisions"}],"wp:featuredmedia":[{"embeddable":true,"href":"https:\/\/armstrongyregion.com.ar\/diario\/wp-json\/wp\/v2\/media\/484"}],"wp:attachment":[{"href":"https:\/\/armstrongyregion.com.ar\/diario\/wp-json\/wp\/v2\/media?parent=481"}],"wp:term":[{"taxonomy":"category","embeddable":true,"href":"https:\/\/armstrongyregion.com.ar\/diario\/wp-json\/wp\/v2\/categories?post=481"},{"taxonomy":"post_tag","embeddable":true,"href":"https:\/\/armstrongyregion.com.ar\/diario\/wp-json\/wp\/v2\/tags?post=481"}],"curies":[{"name":"wp","href":"https:\/\/api.w.org\/{rel}","templated":true}]}}