{"id":48096,"date":"2026-03-11T21:44:56","date_gmt":"2026-03-11T21:44:56","guid":{"rendered":"https:\/\/armstrongyregion.com.ar\/diario\/?p=48096"},"modified":"2026-03-11T21:44:58","modified_gmt":"2026-03-11T21:44:58","slug":"luz-marina-fischer-la-declaracion-jurada-es-un-compromiso-personal-y-la-responsabilidad-no-debe-diluirse","status":"publish","type":"post","link":"https:\/\/armstrongyregion.com.ar\/diario\/luz-marina-fischer-la-declaracion-jurada-es-un-compromiso-personal-y-la-responsabilidad-no-debe-diluirse\/","title":{"rendered":"Luz Marina Fischer: \u00abLa declaraci\u00f3n jurada es un compromiso personal y la responsabilidad no debe diluirse\u00bb"},"content":{"rendered":"\n<figure class=\"wp-block-image size-large\"><img loading=\"lazy\" decoding=\"async\" width=\"360\" height=\"480\" src=\"http:\/\/armstrongyregion.com.ar\/diario\/wp-content\/uploads\/2026\/03\/LUZ-MARINA-2026-360x480.jpg\" alt=\"\" class=\"wp-image-48053\" srcset=\"https:\/\/armstrongyregion.com.ar\/diario\/wp-content\/uploads\/2026\/03\/LUZ-MARINA-2026-360x480.jpg 360w, https:\/\/armstrongyregion.com.ar\/diario\/wp-content\/uploads\/2026\/03\/LUZ-MARINA-2026-225x300.jpg 225w, https:\/\/armstrongyregion.com.ar\/diario\/wp-content\/uploads\/2026\/03\/LUZ-MARINA-2026.jpg 480w\" sizes=\"auto, (max-width: 360px) 100vw, 360px\" \/><\/figure>\n\n\n\n<h2 class=\"wp-block-heading\">Tras el debate en el Concejo Deliberante, la edil del bloque Avancemos marc\u00f3 sus diferencias con la propuesta de reforma de la Ordenanza N\u00b0 1623. Present\u00f3 un pedido de informe para conocer qu\u00e9 funcionarios del Ejecutivo han cumplido con la norma y cuestion\u00f3 la obligatoriedad de la firma de un contador.<\/h2>\n\n\n\n<p><strong>Pedido de informe y cumplimiento<\/strong>.<\/p>\n\n\n\n<p> La concejal Fischer, autora de la ordenanza original aprobada en 2024, fue categ\u00f3rica al se\u00f1alar que, hasta el momento, es la \u00fanica funcionaria que ha hecho p\u00fablica su presentaci\u00f3n en tiempo y forma. <strong>\u00abPresent\u00e9 un pedido de informe para saber qu\u00e9 funcionarios pol\u00edticos est\u00e1n obligados y qui\u00e9nes han cumplido efectivamente. Al asumir se tienen 30 d\u00edas, y durante la gesti\u00f3n el plazo vence cada 30 de mayo\u00bb,<\/strong> record\u00f3.<\/p>\n\n\n\n<p>Asimismo, advirti\u00f3 sobre casos espec\u00edficos de incumplimiento:<strong> \u00abTenemos el caso del concejal Migliozzi que asumi\u00f3 en diciembre y a\u00fan no la present\u00f3, o el del ex concejal Urqu\u00eda, que se retir\u00f3 de la funci\u00f3n y no cumpli\u00f3 con la presentaci\u00f3n de egreso, por lo que ser\u00e1 intimado\u00bb.<\/strong><\/p>\n\n\n\n<p><strong>El rol del contador en debate<\/strong>.<\/p>\n\n\n\n<p>Fischer expres\u00f3 su acuerdo con que las declaraciones sean publicadas en la web municipal para facilitar el acceso ciudadano, pero rechaz\u00f3 de plano la incorporaci\u00f3n de un contador como fedatario. <strong>\u00abLa esencia de esto es que es una declaraci\u00f3n <em>personal<\/em>. Yo firmo bajo juramento que lo que digo es real. Si se mete a un profesional, la responsabilidad del pol\u00edtico se diluye y se le puede &#8216;echar el fardo&#8217; al contador ante un error\u00bb<\/strong>, explic\u00f3 la edil.<\/p>\n\n\n\n<p>Para la concejal de Avancemos, el control debe ser posterior: <strong>\u00abSi alguien miente u omite datos, all\u00ed debe actuar la justicia, la AFIP o los registros correspondientes. No hace falta un contador previo porque no es un estado contable, es un derecho personal\u00edsimo\u00bb.<\/strong><\/p>\n\n\n\n<p><strong>Transparencia y ejemplaridad<\/strong>.<\/p>\n\n\n\n<p> Consultada sobre si esta herramienta garantiza el 100% de transparencia frente a figuras como el \u00abtestaferro\u00bb, Fischer fue honesta<strong>: \u00abPeor ser\u00eda que esto no exista. Los que no tenemos nada que ocultar, lo mostramos. Es nuestro granito de arena para que la gente vuelva a confiar en la pol\u00edtica, que hoy est\u00e1 muy desprestigiada\u00bb.<\/strong><\/p>\n","protected":false},"excerpt":{"rendered":"<p>Tras el debate en el Concejo Deliberante, la edil del bloque Avancemos marc\u00f3 sus diferencias con la propuesta de reforma de la Ordenanza N\u00b0 1623. Present\u00f3 un pedido de informe para conocer qu\u00e9 funcionarios del Ejecutivo han cumplido con la norma y cuestion\u00f3 la obligatoriedad de la firma de un contador. Pedido de informe y <a href=\"https:\/\/armstrongyregion.com.ar\/diario\/luz-marina-fischer-la-declaracion-jurada-es-un-compromiso-personal-y-la-responsabilidad-no-debe-diluirse\/\" title=\"Read more\" >&#8230;<\/a><\/p>\n","protected":false},"author":1,"featured_media":48053,"comment_status":"open","ping_status":"open","sticky":false,"template":"","format":"image","meta":{"_jetpack_memberships_contains_paid_content":false,"footnotes":"","jetpack_publicize_message":"","jetpack_publicize_feature_enabled":true,"jetpack_social_post_already_shared":true,"jetpack_social_options":{"image_generator_settings":{"template":"highway","default_image_id":0,"enabled":false},"version":2}},"categories":[1],"tags":[],"class_list":["post-48096","post","type-post","status-publish","format-image","has-post-thumbnail","hentry","category-diario-armstrong","post_format-post-format-image"],"jetpack_publicize_connections":[],"jetpack_featured_media_url":"https:\/\/armstrongyregion.com.ar\/diario\/wp-content\/uploads\/2026\/03\/LUZ-MARINA-2026.jpg","jetpack_shortlink":"https:\/\/wp.me\/p62QDO-cvK","jetpack_sharing_enabled":true,"amp_enabled":true,"_links":{"self":[{"href":"https:\/\/armstrongyregion.com.ar\/diario\/wp-json\/wp\/v2\/posts\/48096","targetHints":{"allow":["GET"]}}],"collection":[{"href":"https:\/\/armstrongyregion.com.ar\/diario\/wp-json\/wp\/v2\/posts"}],"about":[{"href":"https:\/\/armstrongyregion.com.ar\/diario\/wp-json\/wp\/v2\/types\/post"}],"author":[{"embeddable":true,"href":"https:\/\/armstrongyregion.com.ar\/diario\/wp-json\/wp\/v2\/users\/1"}],"replies":[{"embeddable":true,"href":"https:\/\/armstrongyregion.com.ar\/diario\/wp-json\/wp\/v2\/comments?post=48096"}],"version-history":[{"count":1,"href":"https:\/\/armstrongyregion.com.ar\/diario\/wp-json\/wp\/v2\/posts\/48096\/revisions"}],"predecessor-version":[{"id":48097,"href":"https:\/\/armstrongyregion.com.ar\/diario\/wp-json\/wp\/v2\/posts\/48096\/revisions\/48097"}],"wp:featuredmedia":[{"embeddable":true,"href":"https:\/\/armstrongyregion.com.ar\/diario\/wp-json\/wp\/v2\/media\/48053"}],"wp:attachment":[{"href":"https:\/\/armstrongyregion.com.ar\/diario\/wp-json\/wp\/v2\/media?parent=48096"}],"wp:term":[{"taxonomy":"category","embeddable":true,"href":"https:\/\/armstrongyregion.com.ar\/diario\/wp-json\/wp\/v2\/categories?post=48096"},{"taxonomy":"post_tag","embeddable":true,"href":"https:\/\/armstrongyregion.com.ar\/diario\/wp-json\/wp\/v2\/tags?post=48096"}],"curies":[{"name":"wp","href":"https:\/\/api.w.org\/{rel}","templated":true}]}}