{"id":48090,"date":"2026-03-11T21:24:57","date_gmt":"2026-03-11T21:24:57","guid":{"rendered":"https:\/\/armstrongyregion.com.ar\/diario\/?p=48090"},"modified":"2026-03-11T21:24:59","modified_gmt":"2026-03-11T21:24:59","slug":"el-concejo-deliberante-declaro-de-interes-municipal-el-torneo-de-tenis-copa-pablo-bisio","status":"publish","type":"post","link":"https:\/\/armstrongyregion.com.ar\/diario\/el-concejo-deliberante-declaro-de-interes-municipal-el-torneo-de-tenis-copa-pablo-bisio\/","title":{"rendered":"El Concejo Deliberante declar\u00f3 de Inter\u00e9s Municipal el torneo de tenis \u00abCopa Pablo Bisio\u00bb"},"content":{"rendered":"\n<figure class=\"wp-block-image size-large\"><img loading=\"lazy\" decoding=\"async\" width=\"640\" height=\"480\" src=\"https:\/\/armstrongyregion.com.ar\/diario\/wp-content\/uploads\/2026\/03\/CONCEJO-DELIBERANTE-2026-640x480.jpg\" alt=\"\" class=\"wp-image-48091\" srcset=\"https:\/\/armstrongyregion.com.ar\/diario\/wp-content\/uploads\/2026\/03\/CONCEJO-DELIBERANTE-2026-640x480.jpg 640w, https:\/\/armstrongyregion.com.ar\/diario\/wp-content\/uploads\/2026\/03\/CONCEJO-DELIBERANTE-2026-300x225.jpg 300w, https:\/\/armstrongyregion.com.ar\/diario\/wp-content\/uploads\/2026\/03\/CONCEJO-DELIBERANTE-2026.jpg 714w\" sizes=\"auto, (max-width: 640px) 100vw, 640px\" \/><\/figure>\n\n\n\n<h2 class=\"wp-block-heading\">En la \u00faltima sesi\u00f3n ordinaria, el bloque Unidos present\u00f3 una minuta de declaraci\u00f3n para destacar el certamen que se disputar\u00e1 en el Club Defensores. La iniciativa busca honrar el legado y la trayectoria del recordado profesor en la comunidad deportiva local.<\/h2>\n\n\n\n<p>Tras la reciente sesi\u00f3n del Concejo Deliberante, <strong>se aprob\u00f3 por unanimidad la Declaraci\u00f3n de Inter\u00e9s Municipal del torneo de tenis \u00abCopa Pablo Bisio\u00bb, un proyecto impulsado por el bloque Unidos<\/strong>. La concejal Carla Revigliono brind\u00f3 detalles sobre esta iniciativa que une el deporte con el reconocimiento afectuoso a una figura emblem\u00e1tica de la ciudad.<\/p>\n\n\n\n<p>El evento se llevar\u00e1 a cabo los d\u00edas <strong>13, 14 y 15 de marzo<\/strong> en las instalaciones del <strong>Club Defensores<\/strong>. Seg\u00fan explic\u00f3 la edil, esta competencia marca un hito especial:<strong> \u00abEs una forma de reconocer su legado y mantener viva su memoria. Pablo dedic\u00f3 su vida a la ense\u00f1anza, enalteciendo el tenis y transmitiendo no solo conocimientos t\u00e9cnicos, sino valores que marcaron a generaciones de deportistas\u00bb<\/strong>, se\u00f1al\u00f3 Revigliono.<\/p>\n\n\n\n<p>El torneo, que representa la primera edici\u00f3n bajo este nombre, forma parte del circuito de tenis 2026. La competencia sumar\u00e1 puntos para el ranking local, con miras al M\u00e1ster Final. En esta oportunidad, las categor\u00edas convocadas son:<\/p>\n\n\n\n<ul class=\"wp-block-list\">\n<li><strong>Single Masculino<\/strong> (Categor\u00edas B y C).<\/li>\n\n\n\n<li><strong>Doble Femenino<\/strong> (Categor\u00edas B y C).<\/li>\n<\/ul>\n\n\n\n<p><strong>Desde el cuerpo legislativo destacaron que este tipo de declaraciones refuerzan el trabajo de las instituciones del medio y validan el compromiso de personas que, como Pablo Bisio, dejaron una huella de gratitud y respeto en toda la comunidad de Armstrong.<\/strong><\/p>\n","protected":false},"excerpt":{"rendered":"<p>En la \u00faltima sesi\u00f3n ordinaria, el bloque Unidos present\u00f3 una minuta de declaraci\u00f3n para destacar el certamen que se disputar\u00e1 en el Club Defensores. La iniciativa busca honrar el legado y la trayectoria del recordado profesor en la comunidad deportiva local. Tras la reciente sesi\u00f3n del Concejo Deliberante, se aprob\u00f3 por unanimidad la Declaraci\u00f3n de <a href=\"https:\/\/armstrongyregion.com.ar\/diario\/el-concejo-deliberante-declaro-de-interes-municipal-el-torneo-de-tenis-copa-pablo-bisio\/\" title=\"Read more\" >&#8230;<\/a><\/p>\n","protected":false},"author":1,"featured_media":48091,"comment_status":"open","ping_status":"open","sticky":false,"template":"","format":"image","meta":{"_jetpack_memberships_contains_paid_content":false,"footnotes":"","jetpack_publicize_message":"","jetpack_publicize_feature_enabled":true,"jetpack_social_post_already_shared":true,"jetpack_social_options":{"image_generator_settings":{"template":"highway","default_image_id":0,"enabled":false},"version":2}},"categories":[8,1,2,7,3],"tags":[9934,12397,5030,11129,8777,12398],"class_list":["post-48090","post","type-post","status-publish","format-image","has-post-thumbnail","hentry","category-deliberando","category-diario-armstrong","category-locales","category-politica","category-region","tag-concejo-deliberante","tag-copa-pablo-bisio","tag-diario-armstrong","tag-interes-municipal","tag-lic-graciela-de-la-casa","tag-torneo-de-tenis","post_format-post-format-image"],"jetpack_publicize_connections":[],"jetpack_featured_media_url":"https:\/\/armstrongyregion.com.ar\/diario\/wp-content\/uploads\/2026\/03\/CONCEJO-DELIBERANTE-2026.jpg","jetpack_shortlink":"https:\/\/wp.me\/p62QDO-cvE","jetpack_sharing_enabled":true,"amp_enabled":true,"_links":{"self":[{"href":"https:\/\/armstrongyregion.com.ar\/diario\/wp-json\/wp\/v2\/posts\/48090","targetHints":{"allow":["GET"]}}],"collection":[{"href":"https:\/\/armstrongyregion.com.ar\/diario\/wp-json\/wp\/v2\/posts"}],"about":[{"href":"https:\/\/armstrongyregion.com.ar\/diario\/wp-json\/wp\/v2\/types\/post"}],"author":[{"embeddable":true,"href":"https:\/\/armstrongyregion.com.ar\/diario\/wp-json\/wp\/v2\/users\/1"}],"replies":[{"embeddable":true,"href":"https:\/\/armstrongyregion.com.ar\/diario\/wp-json\/wp\/v2\/comments?post=48090"}],"version-history":[{"count":1,"href":"https:\/\/armstrongyregion.com.ar\/diario\/wp-json\/wp\/v2\/posts\/48090\/revisions"}],"predecessor-version":[{"id":48092,"href":"https:\/\/armstrongyregion.com.ar\/diario\/wp-json\/wp\/v2\/posts\/48090\/revisions\/48092"}],"wp:featuredmedia":[{"embeddable":true,"href":"https:\/\/armstrongyregion.com.ar\/diario\/wp-json\/wp\/v2\/media\/48091"}],"wp:attachment":[{"href":"https:\/\/armstrongyregion.com.ar\/diario\/wp-json\/wp\/v2\/media?parent=48090"}],"wp:term":[{"taxonomy":"category","embeddable":true,"href":"https:\/\/armstrongyregion.com.ar\/diario\/wp-json\/wp\/v2\/categories?post=48090"},{"taxonomy":"post_tag","embeddable":true,"href":"https:\/\/armstrongyregion.com.ar\/diario\/wp-json\/wp\/v2\/tags?post=48090"}],"curies":[{"name":"wp","href":"https:\/\/api.w.org\/{rel}","templated":true}]}}