{"id":48079,"date":"2026-03-10T13:42:49","date_gmt":"2026-03-10T13:42:49","guid":{"rendered":"https:\/\/armstrongyregion.com.ar\/diario\/?p=48079"},"modified":"2026-03-10T13:42:51","modified_gmt":"2026-03-10T13:42:51","slug":"carlos-del-frade-presenta-nuevo-libro-cincuenta-anos-despues-de-videla-y-galtieri-a-milei","status":"publish","type":"post","link":"https:\/\/armstrongyregion.com.ar\/diario\/carlos-del-frade-presenta-nuevo-libro-cincuenta-anos-despues-de-videla-y-galtieri-a-milei\/","title":{"rendered":"Carlos del Frade Presenta Nuevo Libro: \u00abCincuenta A\u00f1os Despues -De Videla y Galtieri a Milei\u00bb"},"content":{"rendered":"\n<figure class=\"wp-block-image size-large\"><img loading=\"lazy\" decoding=\"async\" width=\"640\" height=\"457\" src=\"https:\/\/armstrongyregion.com.ar\/diario\/wp-content\/uploads\/2026\/03\/nuevo-libro-carlos-del-frade-1-640x457.jpg\" alt=\"\" class=\"wp-image-48080\" srcset=\"https:\/\/armstrongyregion.com.ar\/diario\/wp-content\/uploads\/2026\/03\/nuevo-libro-carlos-del-frade-1-640x457.jpg 640w, https:\/\/armstrongyregion.com.ar\/diario\/wp-content\/uploads\/2026\/03\/nuevo-libro-carlos-del-frade-1-300x214.jpg 300w, https:\/\/armstrongyregion.com.ar\/diario\/wp-content\/uploads\/2026\/03\/nuevo-libro-carlos-del-frade-1-768x548.jpg 768w, https:\/\/armstrongyregion.com.ar\/diario\/wp-content\/uploads\/2026\/03\/nuevo-libro-carlos-del-frade-1.jpg 800w\" sizes=\"auto, (max-width: 640px) 100vw, 640px\" \/><\/figure>\n\n\n\n<h2 class=\"wp-block-heading\">Carlos del Frade, pol\u00edtico, periodista y escritor presenta su nuevo libro, \u201cCincuenta A\u00f1os Despues\u201d- De Videla y Galtieri a Milei -. Una obra publicada por Editorial Fundaci\u00f3n Ross<\/h2>\n\n\n\n<p>La Presentaci\u00f3n oficial del libro ya tiene fecha: ser\u00e1 el 25 de marzo en Rosario&nbsp;a las&nbsp;19:30 hs&nbsp;en la&nbsp;Asociaci\u00f3n Empleados de Comercio (Corrientes 450). En la ciudad de Santa Fe se realizar\u00e1 el 26 de marzo a las&nbsp;19:30 horas&nbsp;en la sede de FESTRAM (Av. Gdor. Freyre 1635)<\/p>\n\n\n\n<p>\u201cEl golpe se hizo para defender al capital y la empresa privada, medio siglo despu\u00e9s resulta fundamental volver a contar lo que hay detr\u00e1s de los personajes, los hechos, las torturas y la apropiaci\u00f3n de beb\u00e9s: la depredaci\u00f3n de lo colectivo, desde lo&nbsp;material al pensamiento propio\u2026 (puede leerse en la contratapa del libro)<\/p>\n\n\n\n<p><strong><u>Pr\u00f3logo<\/u><\/strong><\/p>\n\n\n\n<p>\u201cNac\u00ed en el &#8217;63, con Kennedy a la cabeza<\/p>\n\n\n\n<p>Una melod\u00eda en la nariz, creo que hasta el aire estaba raro<\/p>\n\n\n\n<p>Mediaba marzo<\/p>\n\n\n\n<p>El mundo me hizo crecer entre zanahoria y carnes<\/p>\n\n\n\n<p>El &#8217;69 me encontr\u00f3 viendo a ese hombre en esa Luna televisada<\/p>\n\n\n\n<p>Y vino el colegio, y vino Vietnam<\/p>\n\n\n\n<p>Los yanquis juraban amar el napalm<\/p>\n\n\n\n<p>Jobim me dorm\u00eda en la noche cuando todo era calma<\/p>\n\n\n\n<p>Tocaba folklore, despu\u00e9s rock and roll<\/p>\n\n\n\n<p>Y ah\u00ed lleg\u00f3 Lennon hablando de amor<\/p>\n\n\n\n<p>\u00bfQu\u00e9 pasa en la Tierra que el cielo es cada vez m\u00e1s chico?<\/p>\n\n\n\n<p>El barrio est\u00e1 igual que ayer<\/p>\n\n\n\n<p>Voltearon la casa de al lado<\/p>\n\n\n\n<p>La gente est\u00e1 igual que ayer<\/p>\n\n\n\n<p>Con un par de a\u00f1itos encima<\/p>\n\n\n\n<p>Despu\u00e9s empec\u00e9 a fumar en cada rinc\u00f3n oscuro<\/p>\n\n\n\n<p>Ya corr\u00eda el &#8217;76: No se puede andar solo en la<\/p>\n\n\n\n<p>calle sin un rev\u00f3lver\u2026\u201d, escribi\u00f3 \u201cFito\u201d P\u00e1ez en su canci\u00f3n \u201cDel 63\u201d que tambi\u00e9n el dio el t\u00edtulo a su primer \u00e1lbum de estudio en 1984, cuando reci\u00e9n ten\u00eda veinti\u00fan a\u00f1os.<\/p>\n\n\n\n<p>Medio siglo en la geograf\u00eda y la historia.<\/p>\n\n\n\n<p>En las varias formas de geograf\u00edas, algunas f\u00edsicas y otras sentipensantes.<\/p>\n\n\n\n<p>En las distintas maneras de vivir, pensar o negar la historia.<\/p>\n\n\n\n<p>Camin\u00e1ndola de atr\u00e1s para adelante o al rev\u00e9s.<\/p>\n\n\n\n<p>Una propuesta es hacerlo desde el m\u00e9todo period\u00edstico: de lo cercano a lo lejano, de lo particular a lo general.<\/p>\n\n\n\n<p>Hace cincuenta a\u00f1os atr\u00e1s esperaba una prueba de Bot\u00e1nica.<\/p>\n\n\n\n<p>Era el primer a\u00f1o de la escuela secundaria en el Instituto \u201cDante Alighieri\u201d, de Rosario.<\/p>\n\n\n\n<p>Medio siglo despu\u00e9s, en la vereda de esa instituci\u00f3n hay una baldoza que recuerda a uno de esos compa\u00f1eros de otro curso, Fito P\u00e1ez, el \u201cDel 63\u201d.<\/p>\n\n\n\n<p>Tambi\u00e9n hay otras baldozas al lado de la de Fito que hacen memoria sobre otros ex estudiantes que fueron arrancados de la vida. Desaparecidos. Adriana Bianchi, Sergio Jalil, Oscar Bouvier y Ricardo Meneguzzi. La referencia de Fito est\u00e1 en la vereda de la escuela y a su lado, estas placas. En este libro revivir\u00e1 la lucha de la mam\u00e1 de Sergio, Nelma, Madre de la Plaza 25 de Mayo de Rosario, en su pelea descarnada contra las mentiras del Arzobispado de la ex ciudad obrera.<\/p>\n\n\n\n<p>Cincuenta a\u00f1os despu\u00e9s, caminar las mismas calles impulsa nuevas miradas quiz\u00e1s porque el andar del pensamiento tenga una relaci\u00f3n con el recorrido f\u00edsico. Tambi\u00e9n lo hacen las ideas, tambi\u00e9n van y vienen los recuerdos, las emociones, los sentimientos y las personas.<\/p>\n\n\n\n<p>Aquella ma\u00f1ana del 24 de marzo de 1976, mientras intentaba saber qu\u00e9 dec\u00eda Dos Santos Lara, el autor del libro de bot\u00e1nica con lo de las monocotiled\u00f3neas, lleg\u00f3 la noticia por la radio que acompa\u00f1aba esa parte del d\u00eda inundando las habitaciones del departamento del primer piso muy cerca del Parque Independencia.<\/p>\n\n\n\n<p>Cuando volvimos a la Dante, una semana despu\u00e9s, las \u00f3rdenes fueron estrictas sobre el cuello de la camisa libre del cabello que deb\u00eda estar muy corto, se prohib\u00eda fumar en los recreos y la Educaci\u00f3n de la Realidad Social Argentina pasaba a llamarse Educaci\u00f3n C\u00edvica.<\/p>\n\n\n\n<p>En historia la cuesti\u00f3n era ir hacia los sumerios y reci\u00e9n en tercer a\u00f1o asomaba algo de historia argentina pero hasta Rosas, nada m\u00e1s.<\/p>\n\n\n\n<p>Por entonces, ese compa\u00f1ero de otro curso pero del mismo a\u00f1o, Rodolfo \u201cFito\u201d P\u00e1ez, tocaba e improvisaba una versi\u00f3n propia del himno en los actos y el cronista que esto escribe era el conductor habitual de esos momentos.<\/p>\n\n\n\n<p>En \u201cSolos en la madrugada\u201d, un joven Jos\u00e9 Sacrist\u00e1n anunciaba al final del programa de radio que era su hacer en la pel\u00edcula que no pod\u00eda ser que en los pr\u00f3ximos cuarenta a\u00f1os se hablara de los cuarenta a\u00f1os de la dictadura de Francisco Franco.<\/p>\n\n\n\n<p>Hoy, quienes abrazamos con pasi\u00f3n el periodismo y somos portadores de los aires multicolores de la democracia recuperada en 1983, sentimos que es imprescindible volver a hablar de los cincuenta a\u00f1os que cumple el \u00faltimo golpe de estado sufrido en la Argentina, el sexto proceso de interrupci\u00f3n de la legalidad institucional en estos arrabales del mundo, iniciado aquel 24 de marzo de 1976, cuando ten\u00edamos trece a\u00f1os y deb\u00edamos enfrentar una prueba de bot\u00e1nica. La l\u00facida advertencia de Jos\u00e9 Sacrist\u00e1n en \u201cSolos en la madrugada\u201d se desvanece ante el peso de la necesidad que surge de la demolici\u00f3n de la conciencia hist\u00f3rica que, en realidad, tiene como consecuencia la destrucci\u00f3n de la conciencia democr\u00e1tica y social, la eliminaci\u00f3n de la dimensi\u00f3n pol\u00edtica de cada persona ahora devenida en consumidora \u2013 consumida y exacerbadamente individualista.<\/p>\n\n\n\n<p>Este libro no est\u00e1 apurado por el valor simb\u00f3lico de los cincuenta a\u00f1os si no por las urgencias de comprensi\u00f3n del presente, no solamente en la Argentina, sino tambi\u00e9n en Am\u00e9rica y el mundo.<\/p>\n\n\n\n<p>Las pr\u00f3ximas p\u00e1ginas buscan llegarle, especialmente, a la pibada menor de treinta a\u00f1os, justamente el sector et\u00e1reo m\u00e1s castigado por la pol\u00edtica de las desapariciones y tambi\u00e9n la misma franja que sufre la concentraci\u00f3n de riquezas en pocas manos, medio siglo despu\u00e9s.<\/p>\n\n\n\n<p>Igualmente la pretensi\u00f3n de la llegada del libro siempre es mayor. Pero resulta indispensable lograr la mejor forma de comunicaci\u00f3n con las chicas y los chicos e intentar que se piensen los datos y las historias que surgir\u00e1n de este libro.<\/p>\n\n\n\n<p>Para eso recurrimos a las cinco preguntas b\u00e1sicas del periodismo cl\u00e1sico: qu\u00e9, qui\u00e9n, c\u00f3mo, cu\u00e1ndo y d\u00f3nde y por qu\u00e9 del golpe de estado del 24 de marzo de 1976.<\/p>\n\n\n\n<p>Y luego de una primera vista al intento de contar esa historia desde el presente, surge la evidencia que existen varios qu\u00e9, distintos qui\u00e9nes, formas diversas del c\u00f3mo, multiplicidad de cu\u00e1ndos y d\u00f3ndes y m\u00e1s de un por qu\u00e9.<\/p>\n\n\n\n<p>De Videla y Galtieri a Milei, tal como lo piensa el t\u00edtulo es tambi\u00e9n otro camino, un ejercicio intelectual y tambi\u00e9n sentimental. Podr\u00eda agrandarse el angular de la c\u00e1mara y decir que el viaje es de Gerald Ford a Donald Trump. O de aquel Rodolfo P\u00e1ez que tocaba el piano en la secundaria al presente. Nosotros, cincuenta a\u00f1os despu\u00e9s.<\/p>\n\n\n\n<p>A contramano de un viejo juego que se hac\u00eda en aquellos a\u00f1os de la secundaria, verdad consecuencia, quiz\u00e1s uno de los m\u00e9todos m\u00e1s pr\u00e1cticos para pensar lo sucedido es comenzar desde las consecuencias para vislumbrar algo parecido a una verdad.<\/p>\n\n\n\n<p>Una de las dimensiones de la respuestas al qu\u00e9 del golpe es que no solamente se trat\u00f3 de la sexta interrupci\u00f3n de un gobierno popular y constitucional en la Argentina del siglo veinte, si no que se trat\u00f3 de la usurpaci\u00f3n del poder pol\u00edtico por fuerzas armadas al servicio de las grandes empresas, del gran capital del pa\u00eds en acuerdo con las pol\u00edticas de los Estados Unidos y la idea de desplazar un modelo aut\u00f3nomo a una econom\u00eda m\u00e1s financiera que productiva. Estas ideas se ver\u00e1n verificadas a lo largo de esta investigaci\u00f3n en dichos, n\u00fameros e historias varias.<\/p>\n\n\n\n<p>Los qui\u00e9nes, en tanto, dibujar\u00e1n estrategias de brutalidad y tambi\u00e9n de cambios en el c\u00f3digo gen\u00e9tico de la sociedad argentina. Galtieri, por ejemplo, ser\u00e1 presentado como el mayor asesino de la historia santafesina y por eso mismo termin\u00f3 convirti\u00e9ndose en la expresi\u00f3n individual de un proyecto de dominaci\u00f3n sudamericana que incluir\u00e1 el origen del narcotr\u00e1fico y su visi\u00f3n deformada de lo que representaba para los Estados Unidos, especialmente a partir de Malvinas, una guerra derivada de una planificaci\u00f3n pol\u00edtica parida y auspiciada desde Rosario y Santa Fe. Y por otro lado, mujeres incre\u00edbles como Nelma Jalil, Aurora Fracarolli, Marta Bertolino y hombres que vivieron de la muerte y hasta inventaron la suya como Agust\u00edn Feced y Gazari Barroso.<\/p>\n\n\n\n<p>Las herramientas, los \u201cc\u00f3mo\u201d lograr la financiarizaci\u00f3n de la econom\u00eda, la construcci\u00f3n de la sociedad obediente y la exacerbaci\u00f3n del individualismo y el consumismo, ir\u00e1n desde la ley de entidades financieras a m\u00e9todos de exterminio que fueron estudiados desde finales de los a\u00f1os cincuenta tra\u00eddos primero por militares franceses y luego estadounidenses hasta la extranjerizaci\u00f3n de la econom\u00eda en cada provincia argentina como sucede e 2026. No resultan casuales la repetici\u00f3n de frases tales como \u201cdoctrina de seguridad nacional\u201d, \u201cregreso a Occidente\u201d, \u201cel libre comercio\u201d, \u201cmemoria completa\u201d o \u201cel que las hace las paga\u201d.<\/p>\n\n\n\n<p>Desde el Ingenio Ledesma a las Malvinas, la pol\u00edtica de la desaparici\u00f3n de personas y la destrucci\u00f3n de los derechos laborales cambiaron las geograf\u00edas en estos cincuenta a\u00f1os, de all\u00ed que habr\u00e1 varios cu\u00e1ndos y distintos d\u00f3ndes.<\/p>\n\n\n\n<p>El por qu\u00e9 del golpe est\u00e1 en la consecuencia: 30 mil desaparecidos, seis de cada diez eran trabajadores menores de 35 a\u00f1os. Domesticar las grandes mayor\u00edas y especialmente a la juventud, al servicio de unos pocos. Imposici\u00f3n de la resignaci\u00f3n y demonizaci\u00f3n sobre cualquier forma de cuestionamiento. Desde la educaci\u00f3n, los medios de comunicaci\u00f3n a la pol\u00edtica y la econom\u00eda.<\/p>\n\n\n\n<p>Como lo dijo el dise\u00f1ador del mapa represivo en el gran Rosario, Ram\u00f3n Genaro D\u00edaz Bessone, el objetivo del golpe fue defender el capital y la empresa privada, nada de ser nacional o deber patri\u00f3tico. Sangre joven derramada en el altar de la concentraci\u00f3n y extranjerizaci\u00f3n de las riquezas.<\/p>\n\n\n\n<p>El serio problema est\u00e1 en la cabeza de las grandes mayor\u00edas.<\/p>\n\n\n\n<p>El actual presidente de la Argentina, Javier Milei, reivindica el proyecto pol\u00edtico de los grupos econ\u00f3micos, los verdaderos titiriteros del golpe de entonces y del presente que le sonr\u00ede a los privilegiados \u00fanicamente. Pero Milei no est\u00e1 por la marcha de botas sangrientas, si no por la decisi\u00f3n de millones de votos.<\/p>\n\n\n\n<p>Hay que insistir.<\/p>\n\n\n\n<p>Pensamiento propio, soberan\u00eda de la cabeza, protagonismo y cercan\u00eda.<\/p>\n\n\n\n<p>\u201cFito\u201d P\u00e1ez, en aquella canci\u00f3n \u201cDel 63\u201d, terminaba diciendo:<\/p>\n\n\n\n<p>\u201c\u2026El viento me toca la cara, marca un cambio de rumbo<\/p>\n\n\n\n<p>El barrio est\u00e1 igual que ayer<\/p>\n\n\n\n<p>Voltearon la casa de al lado<\/p>\n\n\n\n<p>La gente est\u00e1 igual que ayer<\/p>\n\n\n\n<p>Con un par de guerras encima<\/p>\n\n\n\n<p>Y as\u00ed empec\u00e9 el &#8217;83, son casi 20 a\u00f1os de historia<\/p>\n\n\n\n<p>El siglo se muere y no cambia m\u00e1s<\/p>\n\n\n\n<p>Est\u00e1 agonizando en cualquier hospital<\/p>\n\n\n\n<p>Nosotros tenemos la culpa y hay que solucionarlo<\/p>\n\n\n\n<p>Llamemos al d\u00e9bil y al orador, al mozo, al poeta<\/p>\n\n\n\n<p>Al m\u00fasico, al pe\u00f3n<\/p>\n\n\n\n<p>Llamemos a todos los hombres, que el banquete est\u00e1 listo\u201d.<\/p>\n\n\n\n<p>Medio siglo despu\u00e9s, memoria esquina esperanza.<\/p>\n\n\n\n<p>M\u00e1s que nunca.<\/p>\n\n\n\n<p>Por ellas, por ellos, por nosotros.<\/p>\n\n\n\n<p>Porque todav\u00eda tiene sentido hablar y so\u00f1ar en la Patria Grande.<\/p>\n\n\n\n<p>Porque es imprescindible democratizar la felicidad para compartir del fenomenal banquete de la vida y el cosmos.<\/p>\n\n\n\n<p>En la permanente pelea del amor contra la muerte y el poder.<\/p>\n\n\n\n<p>Carlos del Frade.<\/p>\n\n\n\n<p>Rosario, Santa Fe, Monte Hermoso, enero de 2026.<\/p>\n","protected":false},"excerpt":{"rendered":"<p>Carlos del Frade, pol\u00edtico, periodista y escritor presenta su nuevo libro, \u201cCincuenta A\u00f1os Despues\u201d- De Videla y Galtieri a Milei -. Una obra publicada por Editorial Fundaci\u00f3n Ross La Presentaci\u00f3n oficial del libro ya tiene fecha: ser\u00e1 el 25 de marzo en Rosario&nbsp;a las&nbsp;19:30 hs&nbsp;en la&nbsp;Asociaci\u00f3n Empleados de Comercio (Corrientes 450). En la ciudad de <a href=\"https:\/\/armstrongyregion.com.ar\/diario\/carlos-del-frade-presenta-nuevo-libro-cincuenta-anos-despues-de-videla-y-galtieri-a-milei\/\" title=\"Read more\" >&#8230;<\/a><\/p>\n","protected":false},"author":1,"featured_media":48080,"comment_status":"open","ping_status":"open","sticky":false,"template":"","format":"image","meta":{"_jetpack_memberships_contains_paid_content":false,"footnotes":"","jetpack_publicize_message":"","jetpack_publicize_feature_enabled":true,"jetpack_social_post_already_shared":true,"jetpack_social_options":{"image_generator_settings":{"template":"highway","default_image_id":0,"enabled":false},"version":2}},"categories":[6,8,1,2,7,3],"tags":[12391,12058,12393,5030,8777,12390],"class_list":["post-48079","post","type-post","status-publish","format-image","has-post-thumbnail","hentry","category-cultura-entretenimiento","category-deliberando","category-diario-armstrong","category-locales","category-politica","category-region","tag-cincuenta-anos-despues","tag-carlos-del-frade","tag-de-videla-y-galtieri-a-milei","tag-diario-armstrong","tag-lic-graciela-de-la-casa","tag-nuevo-libro","post_format-post-format-image"],"jetpack_publicize_connections":[],"jetpack_featured_media_url":"https:\/\/armstrongyregion.com.ar\/diario\/wp-content\/uploads\/2026\/03\/nuevo-libro-carlos-del-frade-1.jpg","jetpack_shortlink":"https:\/\/wp.me\/p62QDO-cvt","jetpack_sharing_enabled":true,"amp_enabled":true,"_links":{"self":[{"href":"https:\/\/armstrongyregion.com.ar\/diario\/wp-json\/wp\/v2\/posts\/48079","targetHints":{"allow":["GET"]}}],"collection":[{"href":"https:\/\/armstrongyregion.com.ar\/diario\/wp-json\/wp\/v2\/posts"}],"about":[{"href":"https:\/\/armstrongyregion.com.ar\/diario\/wp-json\/wp\/v2\/types\/post"}],"author":[{"embeddable":true,"href":"https:\/\/armstrongyregion.com.ar\/diario\/wp-json\/wp\/v2\/users\/1"}],"replies":[{"embeddable":true,"href":"https:\/\/armstrongyregion.com.ar\/diario\/wp-json\/wp\/v2\/comments?post=48079"}],"version-history":[{"count":1,"href":"https:\/\/armstrongyregion.com.ar\/diario\/wp-json\/wp\/v2\/posts\/48079\/revisions"}],"predecessor-version":[{"id":48081,"href":"https:\/\/armstrongyregion.com.ar\/diario\/wp-json\/wp\/v2\/posts\/48079\/revisions\/48081"}],"wp:featuredmedia":[{"embeddable":true,"href":"https:\/\/armstrongyregion.com.ar\/diario\/wp-json\/wp\/v2\/media\/48080"}],"wp:attachment":[{"href":"https:\/\/armstrongyregion.com.ar\/diario\/wp-json\/wp\/v2\/media?parent=48079"}],"wp:term":[{"taxonomy":"category","embeddable":true,"href":"https:\/\/armstrongyregion.com.ar\/diario\/wp-json\/wp\/v2\/categories?post=48079"},{"taxonomy":"post_tag","embeddable":true,"href":"https:\/\/armstrongyregion.com.ar\/diario\/wp-json\/wp\/v2\/tags?post=48079"}],"curies":[{"name":"wp","href":"https:\/\/api.w.org\/{rel}","templated":true}]}}