{"id":48068,"date":"2026-03-06T20:39:09","date_gmt":"2026-03-06T20:39:09","guid":{"rendered":"https:\/\/armstrongyregion.com.ar\/diario\/?p=48068"},"modified":"2026-03-06T20:39:12","modified_gmt":"2026-03-06T20:39:12","slug":"convocatoria-asamblea-general-ordinaria-mutual-del-centro-comercial-industrial-y-rural-de-armstrong-2","status":"publish","type":"post","link":"https:\/\/armstrongyregion.com.ar\/diario\/convocatoria-asamblea-general-ordinaria-mutual-del-centro-comercial-industrial-y-rural-de-armstrong-2\/","title":{"rendered":"Convocatoria Asamblea General Ordinaria Mutual  del Centro Comercial, Industrial y Rural de Armstrong."},"content":{"rendered":"\n<figure class=\"wp-block-image size-large\"><img loading=\"lazy\" decoding=\"async\" width=\"640\" height=\"360\" src=\"http:\/\/armstrongyregion.com.ar\/diario\/wp-content\/uploads\/2025\/04\/mutual-del-centro--640x360.jpg\" alt=\"\" class=\"wp-image-45843\" srcset=\"https:\/\/armstrongyregion.com.ar\/diario\/wp-content\/uploads\/2025\/04\/mutual-del-centro--640x360.jpg 640w, https:\/\/armstrongyregion.com.ar\/diario\/wp-content\/uploads\/2025\/04\/mutual-del-centro--300x169.jpg 300w, https:\/\/armstrongyregion.com.ar\/diario\/wp-content\/uploads\/2025\/04\/mutual-del-centro--768x432.jpg 768w, https:\/\/armstrongyregion.com.ar\/diario\/wp-content\/uploads\/2025\/04\/mutual-del-centro-.jpg 800w\" sizes=\"auto, (max-width: 640px) 100vw, 640px\" \/><\/figure>\n\n\n\n<p>El Consejo Directivo de la<strong> MUTUAL DEL CENTRO COMERCIAL, INDUSTRAL Y RURAL DE<br>ARMSTRONG <\/strong>en un todo de acuerdo a las disposiciones de los Estatutos Sociales, convoca a<br>los se\u00f1ores asociados a la <strong>Asamblea General Ordinaria que se llevar\u00e1 a cabo el d\u00eda 15 de<br>abril de 2026 a las 17:00 horas, en el local social de la entidad ubicado en Roldan 1627,<\/strong><br>departamento 2, de la ciudad de Armstrong, a los fines de tratar el siguiente orden del d\u00eda:<\/p>\n\n\n\n<p><strong>ORDEN DEL DIA<\/strong><\/p>\n\n\n\n<ol class=\"wp-block-list\">\n<li>Elecci\u00f3n de dos asociados para aprobar y firmar el Acta de Asamblea, conjuntamente con el<br>Presidente y Secretario.<\/li>\n\n\n\n<li>Lectura y consideraci\u00f3n de la Memoria, Estado de Situaci\u00f3n Patrimonial, Estado de<br>Recursos y Gastos, Anexos, Informe del Sindico y del Contador Certificante, todo ello<br>correspondiente al Ejercicio iniciado el 01 de Enero de 2025 y finalizado el 31 de Diciembre<br>de 2025.<\/li>\n\n\n\n<li>Consideraci\u00f3n de la Cuota Societaria y montos de los respectivos Subsidios<\/li>\n\n\n\n<li>Ratificaci\u00f3n y aprobaci\u00f3n firma de convenios, de todo lo actuado y de lo resuelto ad-<br>refer\u00e9ndum de la Asamblea.<\/li>\n\n\n\n<li>Tratamiento del Proyecto de Reglamento para la construcci\u00f3n y comercializaci\u00f3n de<br>panteones\/nichos sociales<\/li>\n\n\n\n<li>Tratamiento del Proyecto de Reglamento de Vivienda.<\/li>\n\n\n\n<li>Tratamiento del Proyecto de Reglamento de Proveedur\u00eda.<\/li>\n<\/ol>\n\n\n\n<p><strong>ADALBERTO GALLETTI                                                    RAUL ENRIQUE CRUCIANELLI<\/strong><br>Secretario                                                                                        Presidente<\/p>\n\n\n\n<p><\/p>\n\n\n\n<p>Armstrong, Marzo 2026.-<\/p>\n\n\n\n<p>NOTA: El qu\u00f3rum para sesionar en la Asamblea ser\u00e1 de la mitad mas uno de los asociados con<br>derecho a voto. En caso de no alcanzar ese n\u00famero a la hora fijada la asamblea podr\u00e1 sesionar<br>v\u00e1lidamente treinta minutos despu\u00e9s con los asociados presentes. El n\u00famero de asamble\u00edstas no<br>podr\u00e1 ser menor al de los miembros de los \u00f3rganos directivos y de fiscalizaci\u00f3n. De dicho computo<br>quedan excluidos los referidos miembros. (Seg\u00fan reza en el art 44 del Estatuto Social)<\/p>\n","protected":false},"excerpt":{"rendered":"<p>El Consejo Directivo de la MUTUAL DEL CENTRO COMERCIAL, INDUSTRAL Y RURAL DEARMSTRONG en un todo de acuerdo a las disposiciones de los Estatutos Sociales, convoca alos se\u00f1ores asociados a la Asamblea General Ordinaria que se llevar\u00e1 a cabo el d\u00eda 15 deabril de 2026 a las 17:00 horas, en el local social de la <a href=\"https:\/\/armstrongyregion.com.ar\/diario\/convocatoria-asamblea-general-ordinaria-mutual-del-centro-comercial-industrial-y-rural-de-armstrong-2\/\" title=\"Read more\" >&#8230;<\/a><\/p>\n","protected":false},"author":1,"featured_media":45843,"comment_status":"open","ping_status":"open","sticky":false,"template":"","format":"image","meta":{"_jetpack_memberships_contains_paid_content":false,"footnotes":"","jetpack_publicize_message":"","jetpack_publicize_feature_enabled":true,"jetpack_social_post_already_shared":true,"jetpack_social_options":{"image_generator_settings":{"template":"highway","default_image_id":0,"enabled":false},"version":2}},"categories":[6,8,1,2,7,3],"tags":[20,1346,12384,12382,1347,12385,12383,9092],"class_list":["post-48068","post","type-post","status-publish","format-image","has-post-thumbnail","hentry","category-cultura-entretenimiento","category-deliberando","category-diario-armstrong","category-locales","category-politica","category-region","tag-armstrong","tag-asamblea","tag-centro-comercial","tag-convicatoria","tag-general","tag-industrial-y-rural","tag-mutual-centro-comercial","tag-ordinaria-2","post_format-post-format-image"],"jetpack_publicize_connections":[],"jetpack_featured_media_url":"https:\/\/armstrongyregion.com.ar\/diario\/wp-content\/uploads\/2025\/04\/mutual-del-centro-.jpg","jetpack_shortlink":"https:\/\/wp.me\/p62QDO-cvi","jetpack_sharing_enabled":true,"amp_enabled":true,"_links":{"self":[{"href":"https:\/\/armstrongyregion.com.ar\/diario\/wp-json\/wp\/v2\/posts\/48068","targetHints":{"allow":["GET"]}}],"collection":[{"href":"https:\/\/armstrongyregion.com.ar\/diario\/wp-json\/wp\/v2\/posts"}],"about":[{"href":"https:\/\/armstrongyregion.com.ar\/diario\/wp-json\/wp\/v2\/types\/post"}],"author":[{"embeddable":true,"href":"https:\/\/armstrongyregion.com.ar\/diario\/wp-json\/wp\/v2\/users\/1"}],"replies":[{"embeddable":true,"href":"https:\/\/armstrongyregion.com.ar\/diario\/wp-json\/wp\/v2\/comments?post=48068"}],"version-history":[{"count":1,"href":"https:\/\/armstrongyregion.com.ar\/diario\/wp-json\/wp\/v2\/posts\/48068\/revisions"}],"predecessor-version":[{"id":48069,"href":"https:\/\/armstrongyregion.com.ar\/diario\/wp-json\/wp\/v2\/posts\/48068\/revisions\/48069"}],"wp:featuredmedia":[{"embeddable":true,"href":"https:\/\/armstrongyregion.com.ar\/diario\/wp-json\/wp\/v2\/media\/45843"}],"wp:attachment":[{"href":"https:\/\/armstrongyregion.com.ar\/diario\/wp-json\/wp\/v2\/media?parent=48068"}],"wp:term":[{"taxonomy":"category","embeddable":true,"href":"https:\/\/armstrongyregion.com.ar\/diario\/wp-json\/wp\/v2\/categories?post=48068"},{"taxonomy":"post_tag","embeddable":true,"href":"https:\/\/armstrongyregion.com.ar\/diario\/wp-json\/wp\/v2\/tags?post=48068"}],"curies":[{"name":"wp","href":"https:\/\/api.w.org\/{rel}","templated":true}]}}