{"id":4790,"date":"2015-11-01T21:24:47","date_gmt":"2015-11-01T21:24:47","guid":{"rendered":"https:\/\/armstrongyregion.com.ar\/diario\/?p=4790"},"modified":"2015-11-01T21:24:47","modified_gmt":"2015-11-01T21:24:47","slug":"con-la-escuela-1232-tengo-algo-especial-dijo-el-gobernador-antonio-bonfatti","status":"publish","type":"post","link":"https:\/\/armstrongyregion.com.ar\/diario\/con-la-escuela-1232-tengo-algo-especial-dijo-el-gobernador-antonio-bonfatti\/","title":{"rendered":"\u201cCon la Escuela 1232 tengo algo especial\u201d, dijo el Gobernador Antonio Bonfatti."},"content":{"rendered":"<p><a href=\"http:\/\/armstrongyregion.com.ar\/diario\/wp-content\/uploads\/2015\/11\/Antonio-Bonfatti..jpg\"><img loading=\"lazy\" decoding=\"async\" class=\"alignnone size-medium wp-image-4791\" src=\"http:\/\/armstrongyregion.com.ar\/diario\/wp-content\/uploads\/2015\/11\/Antonio-Bonfatti.-300x225.jpg\" alt=\"Antonio Bonfatti.\" width=\"300\" height=\"225\" srcset=\"https:\/\/armstrongyregion.com.ar\/diario\/wp-content\/uploads\/2015\/11\/Antonio-Bonfatti.-300x225.jpg 300w, https:\/\/armstrongyregion.com.ar\/diario\/wp-content\/uploads\/2015\/11\/Antonio-Bonfatti..jpg 480w\" sizes=\"auto, (max-width: 300px) 100vw, 300px\" \/><\/a>En el marco de la inauguraci\u00f3n de una nueva aula en la Escuela 1.232 Bandera Argentina, el Gobernador Antonio Bonfatti inici\u00f3 all\u00ed su recorrida de varios establecimientos prevista para este viernes en Las Parejas.<\/p>\n<p>El acto realizado en el patio de la Escuela, cont\u00f3 con la presencia de directivos de dicho Establecimiento Educativo, el Intendente electo Horacio Compagnucci, la Directora de Cultura de Municipalidad Erica Molteni, Concejales y autoridades de distintas escuelas de la ciudad.<\/p>\n<p>El Gobernador Bonfatti, en su alocuci\u00f3n, coment\u00f3 que tuvo el honor de ser el primer Presidente de la Cooperadora de esta Escuela, \u201cy haciendo historia, recuerdo un d\u00eda cuando era Presidente de Comuna, los chicos de 7\u00ba grado nos ped\u00edan dinero para su viaje de estudio, y se nos ocurri\u00f3, gracias a un vecino que don\u00f3 ladrillos, desarmar una tapera y cargar 30.000 ladrillos, que luego fueron destinados a la construcci\u00f3n de la Guarder\u00eda La Hormiguita Laboriosa, por ese esfuerzo, pudieron ir al viaje despu\u00e9s\u201d, rememor\u00f3; \u201ces una enorme contribuci\u00f3n poder colaborar con todas las Escuelas, pero con la 1232 tengo algo especial\u201d, agreg\u00f3 el Gobernador.<\/p>\n<p>IMG_5361\u201cSanta Fe tiene un proyecto educativo y hoy pudimos mostrar resultados altamente positivos, porque nuestra provincia recuper\u00f3 la matricula secundaria y vamos a seguir el a\u00f1o que viene con jornadas ampliadas, hay proyectos que contin\u00faan avanzando a buen ritmo, por eso en mi \u00faltimo tramo de gesti\u00f3n, les quiero agradecer enormemente por transmitir permanentemente cultura, por educar, y decir que hay que seguir trabajando en esto; salud y educaci\u00f3n son pilares b\u00e1sicos de transformaci\u00f3n en la sociedad\u201d, indic\u00f3; \u201cmuch\u00edsimas gracias a los cooperadores, porque sin ellos, las escuelas no podr\u00edan gestar obras, el IMG_5357hecho de entregar dinero y que se ejecute claramente, habla del compromiso de los padres para el beneficio de la instituci\u00f3n\u201d, mencion\u00f3.<\/p>\n<p>El Presidente de la Cooperadora Escolar, Marcelo Pons, dej\u00f3 sus palabras de agradecimiento por el compromiso de las maestras, \u201cy no tengo m\u00e1s que palabras de gratitud para el Gobierno de Santa Fe; tambi\u00e9n hemos trabajado y ahorrado dinero para poder impermeabilizar los techos, y logramos este esfuerzo, valorando siempre el trabajo de las maestras, con principios b\u00e1sicos de equidad y justicia\u201d, dijo; \u201ces un orgullo mostrar el aula, darles las gracias a padres y cooperadores, y decir que IMG_5353vamos a seguir poniendo todo de nuestra parte para darle lo mejor a todos los chicos; como digo siempre, la escuela ense\u00f1a, los padres educan\u201d, coment\u00f3.<\/p>\n<p>Luego se realiz\u00f3 una entrega de libros para la Biblioteca de la instituci\u00f3n y el corte de cinta para dejar inaugurada oficialmente el aula, con el recorrido de la misma.<\/p>\n<p>En declaraciones a Radio Las Parejas, el Gobernador Bonfatti expres\u00f3 que no hay nada m\u00e1s lindo que poder disfrutar de los chicos, \u201csaber que en ellos est\u00e1 nuestro presente y futuro\u201d, coment\u00f3, al tiempo que hizo referencia que en este viernes, \u201cla idea es IMG_5354 visitar pr\u00e1cticamente todas las escuelas, los clubes y empresas; esto es un gesto de gratitud para mi querida ciudad donde nacieron mis 4 hijos\u201d, indic\u00f3.<\/p>\n<p>Por su parte, la Directora Carina Ripert, se mostr\u00f3 muy contenta \u201cporque pudimos inaugurar esta aula moderna, es una satisfacci\u00f3n enorme, y tener la presencia del Gobernador Bonfatti, es cerrar con un broche de oro, para la Escuela ser\u00e1 un recuerdo enorme; sinceramente me siento plena\u201d, concluy\u00f3.<br \/>\nFuente. Radio, Las Parejas.com<\/p>\n","protected":false},"excerpt":{"rendered":"<p>En el marco de la inauguraci\u00f3n de una nueva aula en la Escuela 1.232 Bandera Argentina, el Gobernador Antonio Bonfatti inici\u00f3 all\u00ed su recorrida de varios establecimientos prevista para este viernes en Las Parejas. El acto realizado en el patio de la Escuela, cont\u00f3 con la presencia de directivos de dicho Establecimiento Educativo, el Intendente <a href=\"https:\/\/armstrongyregion.com.ar\/diario\/con-la-escuela-1232-tengo-algo-especial-dijo-el-gobernador-antonio-bonfatti\/\" title=\"Read more\" >&#8230;<\/a><\/p>\n","protected":false},"author":2,"featured_media":4791,"comment_status":"open","ping_status":"open","sticky":false,"template":"","format":"standard","meta":{"_jetpack_memberships_contains_paid_content":false,"footnotes":"","jetpack_publicize_message":"","jetpack_publicize_feature_enabled":true,"jetpack_social_post_already_shared":false,"jetpack_social_options":{"image_generator_settings":{"template":"highway","default_image_id":0,"enabled":false},"version":2}},"categories":[6,1,3],"tags":[3053,2350,3055,1441,100,652,16,744,656,766,31,3054],"class_list":["post-4790","post","type-post","status-publish","format-standard","has-post-thumbnail","hentry","category-cultura-entretenimiento","category-diario-armstrong","category-region","tag-3053","tag-algo","tag-antonio","tag-bonfatti","tag-con","tag-dijo","tag-el","tag-escuela","tag-especial","tag-gobernador","tag-la","tag-tengo"],"jetpack_publicize_connections":[],"jetpack_featured_media_url":"https:\/\/armstrongyregion.com.ar\/diario\/wp-content\/uploads\/2015\/11\/Antonio-Bonfatti..jpg","jetpack_shortlink":"https:\/\/wp.me\/p62QDO-1fg","jetpack_sharing_enabled":true,"amp_enabled":true,"_links":{"self":[{"href":"https:\/\/armstrongyregion.com.ar\/diario\/wp-json\/wp\/v2\/posts\/4790","targetHints":{"allow":["GET"]}}],"collection":[{"href":"https:\/\/armstrongyregion.com.ar\/diario\/wp-json\/wp\/v2\/posts"}],"about":[{"href":"https:\/\/armstrongyregion.com.ar\/diario\/wp-json\/wp\/v2\/types\/post"}],"author":[{"embeddable":true,"href":"https:\/\/armstrongyregion.com.ar\/diario\/wp-json\/wp\/v2\/users\/2"}],"replies":[{"embeddable":true,"href":"https:\/\/armstrongyregion.com.ar\/diario\/wp-json\/wp\/v2\/comments?post=4790"}],"version-history":[{"count":0,"href":"https:\/\/armstrongyregion.com.ar\/diario\/wp-json\/wp\/v2\/posts\/4790\/revisions"}],"wp:featuredmedia":[{"embeddable":true,"href":"https:\/\/armstrongyregion.com.ar\/diario\/wp-json\/wp\/v2\/media\/4791"}],"wp:attachment":[{"href":"https:\/\/armstrongyregion.com.ar\/diario\/wp-json\/wp\/v2\/media?parent=4790"}],"wp:term":[{"taxonomy":"category","embeddable":true,"href":"https:\/\/armstrongyregion.com.ar\/diario\/wp-json\/wp\/v2\/categories?post=4790"},{"taxonomy":"post_tag","embeddable":true,"href":"https:\/\/armstrongyregion.com.ar\/diario\/wp-json\/wp\/v2\/tags?post=4790"}],"curies":[{"name":"wp","href":"https:\/\/api.w.org\/{rel}","templated":true}]}}