{"id":47851,"date":"2026-01-29T22:20:39","date_gmt":"2026-01-29T22:20:39","guid":{"rendered":"https:\/\/armstrongyregion.com.ar\/diario\/?p=47851"},"modified":"2026-01-29T22:20:41","modified_gmt":"2026-01-29T22:20:41","slug":"provincia-inauguro-el-centro-civico-de-las-rosas","status":"publish","type":"post","link":"https:\/\/armstrongyregion.com.ar\/diario\/provincia-inauguro-el-centro-civico-de-las-rosas\/","title":{"rendered":"Provincia inaugur\u00f3 el Centro C\u00edvico de Las Rosas."},"content":{"rendered":"\n<figure class=\"wp-block-image size-full\"><img loading=\"lazy\" decoding=\"async\" width=\"570\" height=\"320\" src=\"https:\/\/armstrongyregion.com.ar\/diario\/wp-content\/uploads\/2026\/01\/centro-civico-1-.jpg\" alt=\"\" class=\"wp-image-47852\" srcset=\"https:\/\/armstrongyregion.com.ar\/diario\/wp-content\/uploads\/2026\/01\/centro-civico-1-.jpg 570w, https:\/\/armstrongyregion.com.ar\/diario\/wp-content\/uploads\/2026\/01\/centro-civico-1--300x168.jpg 300w\" sizes=\"auto, (max-width: 570px) 100vw, 570px\" \/><\/figure>\n\n\n\n<h2 class=\"wp-block-heading\">El edificio concentra en un mismo lugar servicios provinciales fundamentales, con el objetivo de mejorar la atenci\u00f3n a vecinos y vecinas de la ciudad y de toda la regi\u00f3n.<\/h2>\n\n\n\n<figure class=\"wp-block-image size-large\"><img loading=\"lazy\" decoding=\"async\" width=\"640\" height=\"427\" src=\"https:\/\/armstrongyregion.com.ar\/diario\/wp-content\/uploads\/2026\/01\/centro-civico2--640x427.jpeg\" alt=\"\" class=\"wp-image-47853\" srcset=\"https:\/\/armstrongyregion.com.ar\/diario\/wp-content\/uploads\/2026\/01\/centro-civico2--640x427.jpeg 640w, https:\/\/armstrongyregion.com.ar\/diario\/wp-content\/uploads\/2026\/01\/centro-civico2--300x200.jpeg 300w, https:\/\/armstrongyregion.com.ar\/diario\/wp-content\/uploads\/2026\/01\/centro-civico2--768x512.jpeg 768w, https:\/\/armstrongyregion.com.ar\/diario\/wp-content\/uploads\/2026\/01\/centro-civico2-.jpeg 1280w\" sizes=\"auto, (max-width: 640px) 100vw, 640px\" \/><\/figure>\n\n\n\n<p>El ministro de Gobierno e Innovaci\u00f3n P\u00fablica, Fabi\u00e1n Bastia y el senador por el departamento Belgrano, Pablo Verdecchia encabezaron la inauguraci\u00f3n del nuevo Centro C\u00edvico en la localidad de Las Rosas. El mismo abarca a todo el departamento Belgrano y se encuentra en funcionamiento desde los \u00faltimos d\u00edas del mes de diciembre.<\/p>\n\n\n\n<p>La iniciativa fue impulsada de manera conjunta por el Gobierno de la Provincia, a trav\u00e9s del Ministerio de Gobierno e Innovaci\u00f3n P\u00fablica, el senador y distintos organismos provinciales, representando un paso clave para ordenar el funcionamiento del Estado y acercar respuestas concretas al territorio.<\/p>\n\n\n\n<p><strong>Centralizaci\u00f3n de servicios fundamentales<\/strong><\/p>\n\n\n\n<p>A partir de ahora funcionan en este edificio el Registro Civil, la Administraci\u00f3n Provincial de Impuestos (API), la Inspector\u00eda del Ministerio de Trabajo, IAPOS, la Defensor\u00eda del Pueblo y la Oficina de Pensiones Ley 5110, dependencias que durante a\u00f1os operaron en oficinas alquiladas y dispersas. La centralizaci\u00f3n permite optimizar la atenci\u00f3n y cercan\u00eda con el vecino, mejorar la accesibilidad y reducir en m\u00e1s de un 65% los costos operativos.<\/p>\n\n\n\n<p>Durante el acto inaugural, El ministro de Gobierno, Fabi\u00e1n Bast\u00eda asegur\u00f3 que, \u201cesto marca un hito en la forma de funcionar del Estado, con m\u00e1s cercan\u00eda y eficacia, brindando un servicio mejor y m\u00e1s \u00edntegro a la sociedad, y a su vez proporcionando un espacio de trabajo mejor para los trabajadores\u201d.<\/p>\n\n\n\n<p>Por su parte, el Senador Verdecchia destac\u00f3 que \u201cel Estado debe ser eficiente y cercano, por eso nuestros objetivos son m\u00e1s eficiencia, menos costos en la administraci\u00f3n p\u00fablica y estar cada vez m\u00e1s cerca del ciudadano\u201d.<\/p>\n\n\n\n<p>El Centro C\u00edvico de Las Rosas es el primero que inaugura la gesti\u00f3n provincial con estas caracter\u00edsticas, consolidando a la ciudad como un punto estrat\u00e9gico de atenci\u00f3n regional y fortaleciendo la presencia del Estado en el territorio.<\/p>\n\n\n\n<p><strong>Presentes<\/strong><\/p>\n\n\n\n<p>Del acto participaron tambi\u00e9n el concejal por Las Rosas, Juan Franco Pietracupa; el director provincial del Registro Civil, Sergio Duarte; la administradora provincial de API, Mar\u00eda Eugenia \u00c1lvarez; el subsecretario de Fiscalizaci\u00f3n del Trabajo, Jonatan P\u00e1ez y el director provincial de Inspecciones en Salud y Seguridad en el Trabajo, Miguel \u00c1ngel Fiorito.<\/p>\n\n\n\n<h3 class=\"wp-block-heading\"><\/h3>\n","protected":false},"excerpt":{"rendered":"<p>El edificio concentra en un mismo lugar servicios provinciales fundamentales, con el objetivo de mejorar la atenci\u00f3n a vecinos y vecinas de la ciudad y de toda la regi\u00f3n. El ministro de Gobierno e Innovaci\u00f3n P\u00fablica, Fabi\u00e1n Bastia y el senador por el departamento Belgrano, Pablo Verdecchia encabezaron la inauguraci\u00f3n del nuevo Centro C\u00edvico en <a href=\"https:\/\/armstrongyregion.com.ar\/diario\/provincia-inauguro-el-centro-civico-de-las-rosas\/\" title=\"Read more\" >&#8230;<\/a><\/p>\n","protected":false},"author":1,"featured_media":47852,"comment_status":"open","ping_status":"open","sticky":false,"template":"","format":"image","meta":{"_jetpack_memberships_contains_paid_content":false,"footnotes":"","jetpack_publicize_message":"","jetpack_publicize_feature_enabled":true,"jetpack_social_post_already_shared":true,"jetpack_social_options":{"image_generator_settings":{"template":"highway","default_image_id":0,"enabled":false},"version":2}},"categories":[6,8,1,2,7,3],"tags":[12296,10841,5030,8883,10733],"class_list":["post-47851","post","type-post","status-publish","format-image","has-post-thumbnail","hentry","category-cultura-entretenimiento","category-deliberando","category-diario-armstrong","category-locales","category-politica","category-region","tag-centro-civico-2","tag-departamento-belgrano","tag-diario-armstrong","tag-las-rosas-2","tag-senador-pablo-verdecchia","post_format-post-format-image"],"jetpack_publicize_connections":[],"jetpack_featured_media_url":"https:\/\/armstrongyregion.com.ar\/diario\/wp-content\/uploads\/2026\/01\/centro-civico-1-.jpg","jetpack_shortlink":"https:\/\/wp.me\/p62QDO-crN","jetpack_sharing_enabled":true,"amp_enabled":true,"_links":{"self":[{"href":"https:\/\/armstrongyregion.com.ar\/diario\/wp-json\/wp\/v2\/posts\/47851","targetHints":{"allow":["GET"]}}],"collection":[{"href":"https:\/\/armstrongyregion.com.ar\/diario\/wp-json\/wp\/v2\/posts"}],"about":[{"href":"https:\/\/armstrongyregion.com.ar\/diario\/wp-json\/wp\/v2\/types\/post"}],"author":[{"embeddable":true,"href":"https:\/\/armstrongyregion.com.ar\/diario\/wp-json\/wp\/v2\/users\/1"}],"replies":[{"embeddable":true,"href":"https:\/\/armstrongyregion.com.ar\/diario\/wp-json\/wp\/v2\/comments?post=47851"}],"version-history":[{"count":1,"href":"https:\/\/armstrongyregion.com.ar\/diario\/wp-json\/wp\/v2\/posts\/47851\/revisions"}],"predecessor-version":[{"id":47854,"href":"https:\/\/armstrongyregion.com.ar\/diario\/wp-json\/wp\/v2\/posts\/47851\/revisions\/47854"}],"wp:featuredmedia":[{"embeddable":true,"href":"https:\/\/armstrongyregion.com.ar\/diario\/wp-json\/wp\/v2\/media\/47852"}],"wp:attachment":[{"href":"https:\/\/armstrongyregion.com.ar\/diario\/wp-json\/wp\/v2\/media?parent=47851"}],"wp:term":[{"taxonomy":"category","embeddable":true,"href":"https:\/\/armstrongyregion.com.ar\/diario\/wp-json\/wp\/v2\/categories?post=47851"},{"taxonomy":"post_tag","embeddable":true,"href":"https:\/\/armstrongyregion.com.ar\/diario\/wp-json\/wp\/v2\/tags?post=47851"}],"curies":[{"name":"wp","href":"https:\/\/api.w.org\/{rel}","templated":true}]}}