{"id":47846,"date":"2026-01-29T17:32:11","date_gmt":"2026-01-29T17:32:11","guid":{"rendered":"https:\/\/armstrongyregion.com.ar\/diario\/?p=47846"},"modified":"2026-01-29T17:32:13","modified_gmt":"2026-01-29T17:32:13","slug":"seguridad-la-provincia-entrego-7-nuevos-patrulleros-en-el-departamento-belgrano","status":"publish","type":"post","link":"https:\/\/armstrongyregion.com.ar\/diario\/seguridad-la-provincia-entrego-7-nuevos-patrulleros-en-el-departamento-belgrano\/","title":{"rendered":"Seguridad: la provincia entreg\u00f3 7 nuevos patrulleros en el Departamento Belgrano."},"content":{"rendered":"\n<figure class=\"wp-block-image size-full\"><img loading=\"lazy\" decoding=\"async\" width=\"504\" height=\"378\" src=\"https:\/\/armstrongyregion.com.ar\/diario\/wp-content\/uploads\/2026\/01\/COMANDANTE-1-.jpg\" alt=\"\" class=\"wp-image-47847\" srcset=\"https:\/\/armstrongyregion.com.ar\/diario\/wp-content\/uploads\/2026\/01\/COMANDANTE-1-.jpg 504w, https:\/\/armstrongyregion.com.ar\/diario\/wp-content\/uploads\/2026\/01\/COMANDANTE-1--300x225.jpg 300w\" sizes=\"auto, (max-width: 504px) 100vw, 504px\" \/><\/figure>\n\n\n\n<h2 class=\"wp-block-heading\">En un acto realizado en Las Rosas, el secretario de Seguridad P\u00fablica, Omar Pereira, destac\u00f3 que la flota policial pas\u00f3 de estar \u00abdestruida\u00bb a tener unidades de reserva. Asegur\u00f3 que los veh\u00edculos forman parte de un plan integral y no de \u00abcompras caprichosas\u00bb.<\/h2>\n\n\n\n<p><\/p>\n\n\n\n<figure class=\"wp-block-image size-full\"><img loading=\"lazy\" decoding=\"async\" width=\"357\" height=\"268\" src=\"https:\/\/armstrongyregion.com.ar\/diario\/wp-content\/uploads\/2026\/01\/COMANDANTE-2-.jpg\" alt=\"\" class=\"wp-image-47848\" srcset=\"https:\/\/armstrongyregion.com.ar\/diario\/wp-content\/uploads\/2026\/01\/COMANDANTE-2-.jpg 357w, https:\/\/armstrongyregion.com.ar\/diario\/wp-content\/uploads\/2026\/01\/COMANDANTE-2--300x225.jpg 300w\" sizes=\"auto, (max-width: 357px) 100vw, 357px\" \/><\/figure>\n\n\n\n<h3 class=\"wp-block-heading\">De la reconstrucci\u00f3n a la consolidaci\u00f3n<\/h3>\n\n\n\n<p>Tras la entrega de las siete unidades destinadas a las distintas localidades del departamento, el Comandante General (R) Omar Pereira realiz\u00f3 un balance de la gesti\u00f3n actual. El funcionario record\u00f3 que, al inicio del mandato, se encontraron con una flota en estado cr\u00edtico: \u00abLas primeras compras fueron para conformar la flota policial porque estaba destruida. Hoy, estas entregas vienen a consolidar ese trabajo\u00bb, afirm\u00f3.<\/p>\n\n\n\n<p>Pereira subray\u00f3 que la mejora es tal que algunas Unidades Regionales ya cuentan con veh\u00edculos de reserva para cubrir eventuales fallas mec\u00e1nicas, garantizando que el servicio no se interrumpa.<\/p>\n\n\n\n<h3 class=\"wp-block-heading\">Un plan basado en datos, no en caprichos<\/h3>\n\n\n\n<p>El secretario fue enf\u00e1tico al diferenciar la pol\u00edtica actual de gestiones anteriores: \u00abNo son compras caprichosas por entregarle algo a la polic\u00eda; son compras pensadas, planificadas y analizadas para complementar un plan integral\u00bb. Seg\u00fan explic\u00f3, el despliegue de los m\u00f3viles se decide mediante el seguimiento diario de incidencias y el an\u00e1lisis de datos (como el sistema 911), orientando los recursos hacia donde la emergencia realmente ocurre.<\/p>\n\n\n\n<h3 class=\"wp-block-heading\">El valor del personal y la \u00ablimpieza\u00bb institucional<\/h3>\n\n\n\n<p>Al ser consultado sobre el recurso humano, Pereira lo defini\u00f3 como \u00abel valor m\u00e1s importante de cualquier organizaci\u00f3n\u00bb. Elogi\u00f3 el compromiso de la fuerza santafesina, aunque no esquiv\u00f3 la problem\u00e1tica de los efectivos que delinquen: \u00abCuando se apartan del camino, dejan en evidencia que no son polic\u00edas, sino delincuentes que usaron el uniforme. Los mecanismos de investigaci\u00f3n est\u00e1n activos para eliminar esos elementos\u00bb, sentenci\u00f3.<\/p>\n\n\n\n<h3 class=\"wp-block-heading\">Distribuci\u00f3n territorial<\/h3>\n\n\n\n<p>Respecto a c\u00f3mo se repartir\u00e1n las siete unidades entre las seis localidades del departamento, Pereira aclar\u00f3 que la decisi\u00f3n final es operativa: \u00abLa distribuci\u00f3n es potestad del Jefe de la Unidad Regional. \u00c9l es quien conoce el territorio y sabr\u00e1, a su buen saber y entender, c\u00f3mo distribuirlos\u00bb.<\/p>\n","protected":false},"excerpt":{"rendered":"<p>En un acto realizado en Las Rosas, el secretario de Seguridad P\u00fablica, Omar Pereira, destac\u00f3 que la flota policial pas\u00f3 de estar \u00abdestruida\u00bb a tener unidades de reserva. Asegur\u00f3 que los veh\u00edculos forman parte de un plan integral y no de \u00abcompras caprichosas\u00bb. De la reconstrucci\u00f3n a la consolidaci\u00f3n Tras la entrega de las siete <a href=\"https:\/\/armstrongyregion.com.ar\/diario\/seguridad-la-provincia-entrego-7-nuevos-patrulleros-en-el-departamento-belgrano\/\" title=\"Read more\" >&#8230;<\/a><\/p>\n","protected":false},"author":1,"featured_media":47848,"comment_status":"open","ping_status":"open","sticky":false,"template":"","format":"image","meta":{"_jetpack_memberships_contains_paid_content":false,"footnotes":"","jetpack_publicize_message":"","jetpack_publicize_feature_enabled":true,"jetpack_social_post_already_shared":true,"jetpack_social_options":{"image_generator_settings":{"template":"highway","default_image_id":0,"enabled":false},"version":2}},"categories":[8,1,2,7,3],"tags":[12293,10841,5030,12294,12295,8991],"class_list":["post-47846","post","type-post","status-publish","format-image","has-post-thumbnail","hentry","category-deliberando","category-diario-armstrong","category-locales","category-politica","category-region","tag-7-nuevos-patrulleros","tag-departamento-belgrano","tag-diario-armstrong","tag-el-secretario-de-seguridad-publica","tag-omar-pereira","tag-seguridad-2","post_format-post-format-image"],"jetpack_publicize_connections":[],"jetpack_featured_media_url":"https:\/\/armstrongyregion.com.ar\/diario\/wp-content\/uploads\/2026\/01\/COMANDANTE-2-.jpg","jetpack_shortlink":"https:\/\/wp.me\/p62QDO-crI","jetpack_sharing_enabled":true,"amp_enabled":true,"_links":{"self":[{"href":"https:\/\/armstrongyregion.com.ar\/diario\/wp-json\/wp\/v2\/posts\/47846","targetHints":{"allow":["GET"]}}],"collection":[{"href":"https:\/\/armstrongyregion.com.ar\/diario\/wp-json\/wp\/v2\/posts"}],"about":[{"href":"https:\/\/armstrongyregion.com.ar\/diario\/wp-json\/wp\/v2\/types\/post"}],"author":[{"embeddable":true,"href":"https:\/\/armstrongyregion.com.ar\/diario\/wp-json\/wp\/v2\/users\/1"}],"replies":[{"embeddable":true,"href":"https:\/\/armstrongyregion.com.ar\/diario\/wp-json\/wp\/v2\/comments?post=47846"}],"version-history":[{"count":1,"href":"https:\/\/armstrongyregion.com.ar\/diario\/wp-json\/wp\/v2\/posts\/47846\/revisions"}],"predecessor-version":[{"id":47849,"href":"https:\/\/armstrongyregion.com.ar\/diario\/wp-json\/wp\/v2\/posts\/47846\/revisions\/47849"}],"wp:featuredmedia":[{"embeddable":true,"href":"https:\/\/armstrongyregion.com.ar\/diario\/wp-json\/wp\/v2\/media\/47848"}],"wp:attachment":[{"href":"https:\/\/armstrongyregion.com.ar\/diario\/wp-json\/wp\/v2\/media?parent=47846"}],"wp:term":[{"taxonomy":"category","embeddable":true,"href":"https:\/\/armstrongyregion.com.ar\/diario\/wp-json\/wp\/v2\/categories?post=47846"},{"taxonomy":"post_tag","embeddable":true,"href":"https:\/\/armstrongyregion.com.ar\/diario\/wp-json\/wp\/v2\/tags?post=47846"}],"curies":[{"name":"wp","href":"https:\/\/api.w.org\/{rel}","templated":true}]}}