{"id":47838,"date":"2026-01-29T14:40:10","date_gmt":"2026-01-29T14:40:10","guid":{"rendered":"https:\/\/armstrongyregion.com.ar\/diario\/?p=47838"},"modified":"2026-01-29T15:19:28","modified_gmt":"2026-01-29T15:19:28","slug":"seguridad-en-el-departamento-belgrano-estamos-recuperando-lo-que-nunca-se-debio-haber-perdido","status":"publish","type":"post","link":"https:\/\/armstrongyregion.com.ar\/diario\/seguridad-en-el-departamento-belgrano-estamos-recuperando-lo-que-nunca-se-debio-haber-perdido\/","title":{"rendered":"Seguridad en el Departamento Belgrano: \u00abEstamos recuperando lo que nunca se debi\u00f3 haber perdido\u00bb."},"content":{"rendered":"\n<figure class=\"wp-block-image size-large\"><img loading=\"lazy\" decoding=\"async\" width=\"640\" height=\"359\" src=\"https:\/\/armstrongyregion.com.ar\/diario\/wp-content\/uploads\/2026\/01\/ARMANDO-FARAONI--640x359.jpeg\" alt=\"\" class=\"wp-image-47839\" srcset=\"https:\/\/armstrongyregion.com.ar\/diario\/wp-content\/uploads\/2026\/01\/ARMANDO-FARAONI--640x359.jpeg 640w, https:\/\/armstrongyregion.com.ar\/diario\/wp-content\/uploads\/2026\/01\/ARMANDO-FARAONI--300x168.jpeg 300w, https:\/\/armstrongyregion.com.ar\/diario\/wp-content\/uploads\/2026\/01\/ARMANDO-FARAONI--768x431.jpeg 768w, https:\/\/armstrongyregion.com.ar\/diario\/wp-content\/uploads\/2026\/01\/ARMANDO-FARAONI-.jpeg 1140w\" sizes=\"auto, (max-width: 640px) 100vw, 640px\" \/><\/figure>\n\n\n\n<h2 class=\"wp-block-heading\">Tras la entrega de siete nuevos m\u00f3viles policiales en Las Rosas, el subsecretario de Tecnolog\u00eda y Equipamiento, Armando Faraoni, destac\u00f3 la baja hist\u00f3rica en los \u00edndices de criminalidad y la fuerte inversi\u00f3n en equipamiento y control carcelario.<\/h2>\n\n\n\n<p>En un acto que refuerza la operatividad policial en el Departamento Belgrano, la provincia hizo entrega de siete unidades cero kil\u00f3metro. Al finalizar el evento, Armando Faraoni dialog\u00f3 con la prensa y traz\u00f3 un balance positivo sobre la situaci\u00f3n de seguridad en la regi\u00f3n, asegurando que el departamento mantiene \u00abvalores totalmente tolerables\u00bb en comparaci\u00f3n con otros puntos de la provincia.<\/p>\n\n\n\n<h3 class=\"wp-block-heading\">Un plan integral: calle, c\u00e1rcel y leyes<\/h3>\n\n\n\n<p>Faraoni subray\u00f3 que la llegada de patrulleros es solo una pieza de un plan mucho m\u00e1s amplio. \u00abEstamos teniendo el enero m\u00e1s bajo en criminalidad de toda la provincia en los \u00faltimos 20 a\u00f1os\u00bb, afirm\u00f3 el funcionario, contrastando la realidad actual con la recibida en 2023. Adem\u00e1s, hizo hincapi\u00e9 en la inversi\u00f3n \u00abastron\u00f3mica\u00bb en infraestructura carcelaria para terminar con el delito organizado desde los penales: \u00abEstamos invirtiendo para contener a aquellos que antes trabajaban desde un &#8216;home office&#8217;, volviendo insoportable la vida de los vecinos\u00bb.<\/p>\n\n\n\n<p>El subsecretario tambi\u00e9n reconoci\u00f3 el rol de la Legislatura y el Senador departamental en el endurecimiento de leyes que hoy permiten un control m\u00e1s riguroso en la v\u00eda p\u00fablica.<\/p>\n\n\n\n<h3 class=\"wp-block-heading\">El impacto de la tecnolog\u00eda y el control<\/h3>\n\n\n\n<p>En cuanto a la eficiencia del sistema 911 y el monitoreo de resultados, Faraoni adelant\u00f3 que pronto se realizar\u00e1 una reuni\u00f3n de m\u00e9tricas (M3) en Las Rosas y Las Parejas. No obstante, brind\u00f3 un dato revelador sobre la presencia policial actual:<\/p>\n\n\n\n<blockquote class=\"wp-block-quote is-layout-flow wp-block-quote-is-layout-flow\">\n<p>\u00abEstamos teniendo m\u00e1s de 1.000 identificaciones de personas por semana en el Departamento Belgrano. Esa es la polic\u00eda que queremos en la calle: operativa, posicionada y medida permanentemente en su rendimiento\u00bb.<\/p>\n<\/blockquote>\n\n\n\n<p><\/p>\n","protected":false},"excerpt":{"rendered":"<p>Tras la entrega de siete nuevos m\u00f3viles policiales en Las Rosas, el subsecretario de Tecnolog\u00eda y Equipamiento, Armando Faraoni, destac\u00f3 la baja hist\u00f3rica en los \u00edndices de criminalidad y la fuerte inversi\u00f3n en equipamiento y control carcelario. En un acto que refuerza la operatividad policial en el Departamento Belgrano, la provincia hizo entrega de siete <a href=\"https:\/\/armstrongyregion.com.ar\/diario\/seguridad-en-el-departamento-belgrano-estamos-recuperando-lo-que-nunca-se-debio-haber-perdido\/\" title=\"Read more\" >&#8230;<\/a><\/p>\n","protected":false},"author":1,"featured_media":47839,"comment_status":"open","ping_status":"open","sticky":false,"template":"","format":"image","meta":{"_jetpack_memberships_contains_paid_content":false,"footnotes":"","jetpack_publicize_message":"","jetpack_publicize_feature_enabled":true,"jetpack_social_post_already_shared":true,"jetpack_social_options":{"image_generator_settings":{"template":"highway","default_image_id":0,"enabled":false},"version":2}},"categories":[8,1,2,2852,7,3],"tags":[10911,10841,5030,11933,12292],"class_list":["post-47838","post","type-post","status-publish","format-image","has-post-thumbnail","hentry","category-deliberando","category-diario-armstrong","category-locales","category-policiales","category-politica","category-region","tag-armando-faraoni","tag-departamento-belgrano","tag-diario-armstrong","tag-segurida","tag-siete-moviles-policiales","post_format-post-format-image"],"jetpack_publicize_connections":[],"jetpack_featured_media_url":"https:\/\/armstrongyregion.com.ar\/diario\/wp-content\/uploads\/2026\/01\/ARMANDO-FARAONI-.jpeg","jetpack_shortlink":"https:\/\/wp.me\/p62QDO-crA","jetpack_sharing_enabled":true,"amp_enabled":true,"_links":{"self":[{"href":"https:\/\/armstrongyregion.com.ar\/diario\/wp-json\/wp\/v2\/posts\/47838","targetHints":{"allow":["GET"]}}],"collection":[{"href":"https:\/\/armstrongyregion.com.ar\/diario\/wp-json\/wp\/v2\/posts"}],"about":[{"href":"https:\/\/armstrongyregion.com.ar\/diario\/wp-json\/wp\/v2\/types\/post"}],"author":[{"embeddable":true,"href":"https:\/\/armstrongyregion.com.ar\/diario\/wp-json\/wp\/v2\/users\/1"}],"replies":[{"embeddable":true,"href":"https:\/\/armstrongyregion.com.ar\/diario\/wp-json\/wp\/v2\/comments?post=47838"}],"version-history":[{"count":2,"href":"https:\/\/armstrongyregion.com.ar\/diario\/wp-json\/wp\/v2\/posts\/47838\/revisions"}],"predecessor-version":[{"id":47845,"href":"https:\/\/armstrongyregion.com.ar\/diario\/wp-json\/wp\/v2\/posts\/47838\/revisions\/47845"}],"wp:featuredmedia":[{"embeddable":true,"href":"https:\/\/armstrongyregion.com.ar\/diario\/wp-json\/wp\/v2\/media\/47839"}],"wp:attachment":[{"href":"https:\/\/armstrongyregion.com.ar\/diario\/wp-json\/wp\/v2\/media?parent=47838"}],"wp:term":[{"taxonomy":"category","embeddable":true,"href":"https:\/\/armstrongyregion.com.ar\/diario\/wp-json\/wp\/v2\/categories?post=47838"},{"taxonomy":"post_tag","embeddable":true,"href":"https:\/\/armstrongyregion.com.ar\/diario\/wp-json\/wp\/v2\/tags?post=47838"}],"curies":[{"name":"wp","href":"https:\/\/api.w.org\/{rel}","templated":true}]}}