{"id":47828,"date":"2026-01-26T21:37:10","date_gmt":"2026-01-26T21:37:10","guid":{"rendered":"https:\/\/armstrongyregion.com.ar\/diario\/?p=47828"},"modified":"2026-01-26T21:37:11","modified_gmt":"2026-01-26T21:37:11","slug":"armstrong-informe-area-de-orden-publico-26-01-2026","status":"publish","type":"post","link":"https:\/\/armstrongyregion.com.ar\/diario\/armstrong-informe-area-de-orden-publico-26-01-2026\/","title":{"rendered":"Armstrong. Informe \u00c1rea de Orden P\u00fablico 26\/01\/2026."},"content":{"rendered":"\n<figure class=\"wp-block-image size-full\"><img loading=\"lazy\" decoding=\"async\" width=\"400\" height=\"300\" src=\"https:\/\/armstrongyregion.com.ar\/diario\/wp-content\/uploads\/2026\/01\/ORDEN-P-26-1-26A.jpg\" alt=\"\" class=\"wp-image-47829\" srcset=\"https:\/\/armstrongyregion.com.ar\/diario\/wp-content\/uploads\/2026\/01\/ORDEN-P-26-1-26A.jpg 400w, https:\/\/armstrongyregion.com.ar\/diario\/wp-content\/uploads\/2026\/01\/ORDEN-P-26-1-26A-300x225.jpg 300w\" sizes=\"auto, (max-width: 400px) 100vw, 400px\" \/><\/figure>\n\n\n\n<p>El \u00c1rea de Orden P\u00fablico de la Municipalidad de Armstrong inform\u00f3 que en el transcurso de<br>la \u00faltima semana se procedi\u00f3 a realizar recorridos en coordinaci\u00f3n con Polic\u00eda y central de<br>monitoreo para acciones de prevenci\u00f3n de faltas y delitos, con presencia efectiva en barrio<br>FoNaVi Sur incluyendo plaza Nona Rocha.<\/p>\n\n\n\n<figure class=\"wp-block-image size-large\"><img loading=\"lazy\" decoding=\"async\" width=\"640\" height=\"288\" src=\"https:\/\/armstrongyregion.com.ar\/diario\/wp-content\/uploads\/2026\/01\/ORDEN-P-26-1-26-B-640x288.jpg\" alt=\"\" class=\"wp-image-47830\" srcset=\"https:\/\/armstrongyregion.com.ar\/diario\/wp-content\/uploads\/2026\/01\/ORDEN-P-26-1-26-B-640x288.jpg 640w, https:\/\/armstrongyregion.com.ar\/diario\/wp-content\/uploads\/2026\/01\/ORDEN-P-26-1-26-B-300x135.jpg 300w, https:\/\/armstrongyregion.com.ar\/diario\/wp-content\/uploads\/2026\/01\/ORDEN-P-26-1-26-B-768x346.jpg 768w, https:\/\/armstrongyregion.com.ar\/diario\/wp-content\/uploads\/2026\/01\/ORDEN-P-26-1-26-B.jpg 800w\" sizes=\"auto, (max-width: 640px) 100vw, 640px\" \/><\/figure>\n\n\n\n<p><br>Estos recorridos con presencia preventiva se extienden en horas de la madrugada a Plaza<br>San Mart\u00edn, edificio municipal, parroquia Nuestra Se\u00f1ora de la Merced y Estaci\u00f3n M\u00e1s.<br>Tambi\u00e9n se realiza un recorrido por Jard\u00edn 84, Promoci\u00f3n Comunitaria, v\u00edas del ferrocarril y<br>cancha de bochas, y en zona norte, se hace recorridos por Fonavi Norte, Plaza 5 de Junio,<br>calles Lisandro de la Torre y Castellanos, con entrevistas a los vecinos.<br>El d\u00eda mi\u00e9rcoles 21, en Ruta Nacional N\u00b0 9 y calle Paraguay, se llev\u00f3 a cabo un operativo de<br>control en conjunto con la Agencia Provincial de Seguridad Vial, Polic\u00eda de Seguridad Vial,<br>Comisar\u00eda Tercera, Comando Radioel\u00e9ctrico, Jefatura Departamental e Inspectores de<br>Tr\u00e1nsito, consistente en alcoholemias, fiscalizaci\u00f3n de documentaci\u00f3n obligatoria para<br>circular, excesos de pasajeros, uso de dispositivos de seguridad, etc.<br>Jueves 22 y s\u00e1bado 24, controles de documentaci\u00f3n, alcoholemias, prevenci\u00f3n de delitos:<br>78 controles por alcoholemia. Sin novedad.<br>Se secuestr\u00f3 una motocicleta. Infractor: Menor de edad. Interviene el Juzgado Municipal de<br>Faltas.<br>S\u00e1bado 24: Control vehicular sobre Ruta Nacional N\u00b0 9, interviniendo Guardia Provincial,<br>Jefatura Departamental, Comando Radioel\u00e9ctrico, Comisar\u00eda Tercera e Inspectores de<br>Tr\u00e1nsito Municipal: 4 secuestros de autom\u00f3viles por alcoholemia positiva; y 1 autom\u00f3vil por<br>falta de documentaci\u00f3n.<br>Secuestro de una motocicleta conducida por un mayor de edad, por escape ruidoso.<br>Interviene el Juzgado Municipal de Faltas.<\/p>\n","protected":false},"excerpt":{"rendered":"<p>El \u00c1rea de Orden P\u00fablico de la Municipalidad de Armstrong inform\u00f3 que en el transcurso dela \u00faltima semana se procedi\u00f3 a realizar recorridos en coordinaci\u00f3n con Polic\u00eda y central demonitoreo para acciones de prevenci\u00f3n de faltas y delitos, con presencia efectiva en barrioFoNaVi Sur incluyendo plaza Nona Rocha. Estos recorridos con presencia preventiva se extienden <a href=\"https:\/\/armstrongyregion.com.ar\/diario\/armstrong-informe-area-de-orden-publico-26-01-2026\/\" title=\"Read more\" >&#8230;<\/a><\/p>\n","protected":false},"author":1,"featured_media":47829,"comment_status":"open","ping_status":"open","sticky":false,"template":"","format":"image","meta":{"_jetpack_memberships_contains_paid_content":false,"footnotes":"","jetpack_publicize_message":"","jetpack_publicize_feature_enabled":true,"jetpack_social_post_already_shared":true,"jetpack_social_options":{"image_generator_settings":{"template":"highway","default_image_id":0,"enabled":false},"version":2}},"categories":[6,8,1,2,7,3],"tags":[20,5030,12288,8653,11390,12289],"class_list":["post-47828","post","type-post","status-publish","format-image","has-post-thumbnail","hentry","category-cultura-entretenimiento","category-deliberando","category-diario-armstrong","category-locales","category-politica","category-region","tag-armstrong","tag-diario-armstrong","tag-fonavi-sur","tag-informe-2","tag-orden-publico-4","tag-plaza-nona-rocha","post_format-post-format-image"],"jetpack_publicize_connections":[],"jetpack_featured_media_url":"https:\/\/armstrongyregion.com.ar\/diario\/wp-content\/uploads\/2026\/01\/ORDEN-P-26-1-26A.jpg","jetpack_shortlink":"https:\/\/wp.me\/p62QDO-crq","jetpack_sharing_enabled":true,"amp_enabled":true,"_links":{"self":[{"href":"https:\/\/armstrongyregion.com.ar\/diario\/wp-json\/wp\/v2\/posts\/47828","targetHints":{"allow":["GET"]}}],"collection":[{"href":"https:\/\/armstrongyregion.com.ar\/diario\/wp-json\/wp\/v2\/posts"}],"about":[{"href":"https:\/\/armstrongyregion.com.ar\/diario\/wp-json\/wp\/v2\/types\/post"}],"author":[{"embeddable":true,"href":"https:\/\/armstrongyregion.com.ar\/diario\/wp-json\/wp\/v2\/users\/1"}],"replies":[{"embeddable":true,"href":"https:\/\/armstrongyregion.com.ar\/diario\/wp-json\/wp\/v2\/comments?post=47828"}],"version-history":[{"count":1,"href":"https:\/\/armstrongyregion.com.ar\/diario\/wp-json\/wp\/v2\/posts\/47828\/revisions"}],"predecessor-version":[{"id":47831,"href":"https:\/\/armstrongyregion.com.ar\/diario\/wp-json\/wp\/v2\/posts\/47828\/revisions\/47831"}],"wp:featuredmedia":[{"embeddable":true,"href":"https:\/\/armstrongyregion.com.ar\/diario\/wp-json\/wp\/v2\/media\/47829"}],"wp:attachment":[{"href":"https:\/\/armstrongyregion.com.ar\/diario\/wp-json\/wp\/v2\/media?parent=47828"}],"wp:term":[{"taxonomy":"category","embeddable":true,"href":"https:\/\/armstrongyregion.com.ar\/diario\/wp-json\/wp\/v2\/categories?post=47828"},{"taxonomy":"post_tag","embeddable":true,"href":"https:\/\/armstrongyregion.com.ar\/diario\/wp-json\/wp\/v2\/tags?post=47828"}],"curies":[{"name":"wp","href":"https:\/\/api.w.org\/{rel}","templated":true}]}}